{"id":521,"date":"2018-11-06T17:47:50","date_gmt":"2018-11-06T16:47:50","guid":{"rendered":"http:\/\/ecole.ac-nice.fr\/carros\/fiori\/?p=521"},"modified":"2018-11-06T17:47:50","modified_gmt":"2018-11-06T16:47:50","slug":"assemblee-generale-de-lassociation","status":"publish","type":"post","link":"https:\/\/ecole.ac-nice.fr\/carros\/fiori\/?p=521","title":{"rendered":"Assembl\u00e9e g\u00e9n\u00e9rale de l&rsquo;association"},"content":{"rendered":"<div>Voici le proc\u00e8s verbal de l&rsquo;assembl\u00e9e g\u00e9n\u00e9rale de l&rsquo;association \u00ab\u00a0Les Pitchouns de l&rsquo;\u00e9cole L. Fiori\u00a0\u00bb qui s&rsquo;est tenue le 27 octobre 2018 :\u00a0<a href=\"https:\/\/ecole.ac-nice.fr\/carros\/fiori\/wp-content\/uploads\/sites\/25\/2018\/11\/PV-AG-27-octobre-2018.pdf\">PV AG 27 octobre 2018<\/a><\/div>\n<div>L&rsquo;association vous en souhaite bonne lecture.<\/div>\n<div><\/div>\n<div>La prochaine assembl\u00e9e se tiendra le<strong><span style=\"color: #800080\"> vendredi 16 novembre 2018<\/span><\/strong> dans le r\u00e9fectoire. Les adh\u00e9rents y seront \u00e9videmment attendus en nombre et dans la bonne humeur !<\/div>\n<div id=\"signature\">\n<div><\/div>\n<div id=\"divtagdefaultwrapper\">A bient\u00f4t !<\/div>\n<\/div>\n","protected":false},"excerpt":{"rendered":"<p>Voici le proc\u00e8s verbal de l&rsquo;assembl\u00e9e g\u00e9n\u00e9rale de l&rsquo;association \u00ab\u00a0Les Pitchouns de l&rsquo;\u00e9cole L. Fiori\u00a0\u00bb qui s&rsquo;est tenue le 27 octobre 2018 :\u00a0PV AG 27 octobre 2018 L&rsquo;association vous en souhaite bonne lecture. La prochaine assembl\u00e9e se tiendra le vendredi 16 novembre 2018 dans le r\u00e9fectoire. Les adh\u00e9rents y seront \u00e9videmment attendus en nombre et &hellip; <a href=\"https:\/\/ecole.ac-nice.fr\/carros\/fiori\/?p=521\" class=\"more-link\">Continuer la lecture de <span class=\"screen-reader-text\">Assembl\u00e9e g\u00e9n\u00e9rale de l&rsquo;association<\/span> <span class=\"meta-nav\">&rarr;<\/span><\/a><\/p>\n","protected":false},"author":29,"featured_media":0,"comment_status":"closed","ping_status":"open","sticky":false,"template":"","format":"gallery","meta":{"footnotes":""},"categories":[1,13],"tags":[],"class_list":["post-521","post","type-post","status-publish","format-gallery","hentry","category-actualites-diverses","category-association-de-lecole","post_format-post-format-gallery"],"_links":{"self":[{"href":"https:\/\/ecole.ac-nice.fr\/carros\/fiori\/index.php?rest_route=\/wp\/v2\/posts\/521","targetHints":{"allow":["GET"]}}],"collection":[{"href":"https:\/\/ecole.ac-nice.fr\/carros\/fiori\/index.php?rest_route=\/wp\/v2\/posts"}],"about":[{"href":"https:\/\/ecole.ac-nice.fr\/carros\/fiori\/index.php?rest_route=\/wp\/v2\/types\/post"}],"author":[{"embeddable":true,"href":"https:\/\/ecole.ac-nice.fr\/carros\/fiori\/index.php?rest_route=\/wp\/v2\/users\/29"}],"replies":[{"embeddable":true,"href":"https:\/\/ecole.ac-nice.fr\/carros\/fiori\/index.php?rest_route=%2Fwp%2Fv2%2Fcomments&post=521"}],"version-history":[{"count":1,"href":"https:\/\/ecole.ac-nice.fr\/carros\/fiori\/index.php?rest_route=\/wp\/v2\/posts\/521\/revisions"}],"predecessor-version":[{"id":523,"href":"https:\/\/ecole.ac-nice.fr\/carros\/fiori\/index.php?rest_route=\/wp\/v2\/posts\/521\/revisions\/523"}],"wp:attachment":[{"href":"https:\/\/ecole.ac-nice.fr\/carros\/fiori\/index.php?rest_route=%2Fwp%2Fv2%2Fmedia&parent=521"}],"wp:term":[{"taxonomy":"category","embeddable":true,"href":"https:\/\/ecole.ac-nice.fr\/carros\/fiori\/index.php?rest_route=%2Fwp%2Fv2%2Fcategories&post=521"},{"taxonomy":"post_tag","embeddable":true,"href":"https:\/\/ecole.ac-nice.fr\/carros\/fiori\/index.php?rest_route=%2Fwp%2Fv2%2Ftags&post=521"}],"curies":[{"name":"wp","href":"https:\/\/api.w.org\/{rel}","templated":true}]}}