{"id":498,"date":"2018-10-19T14:48:56","date_gmt":"2018-10-19T12:48:56","guid":{"rendered":"http:\/\/ecole.ac-nice.fr\/carros\/fiori\/?p=498"},"modified":"2019-03-15T15:57:13","modified_gmt":"2019-03-15T14:57:13","slug":"100-eac-enseignement-artistique-et-culturel","status":"publish","type":"post","link":"https:\/\/ecole.ac-nice.fr\/carros\/fiori\/?p=498","title":{"rendered":"100% EAC (Enseignement artistique et culturel)"},"content":{"rendered":"<p><span style=\"font-family: Comic Sans MS, cursive\"><span style=\"font-size: small\"><span style=\"color: #000000\">En partenariat avec la m\u00e9diath\u00e8que Andr\u00e9-Verdet et le Forum Jacques-Pr\u00e9vert,\u00a0<\/span><span style=\"color: #000000\">dans la dynamique du projet 100% EAC, deux actions conjointes sont men\u00e9es :<\/span><\/span><\/span><\/p>\n<p align=\"left\"><span style=\"color: #000000\"><span style=\"font-family: Comic Sans MS, cursive\"><span style=\"font-size: small\">&#8211; l\u2019artiste St\u00e9phanie Hamel-Grain interviendra, aupr\u00e8s des \u00e9l\u00e8ves d\u2019\u00e9l\u00e9mentaire, au 1er trimestre et d\u00e9but du second trimestre, afin de r\u00e9aliser une production plastique qui sera pr\u00e9sent\u00e9e lors de l\u2019exposition \u00ab Comment bien observer un silence ?\u00bb<\/span><\/span><\/span><a href=\"https:\/\/ecole.ac-nice.fr\/carros\/fiori\/wp-content\/uploads\/sites\/25\/2018\/10\/Hamel-Grain.jpg\"><img loading=\"lazy\" decoding=\"async\" class=\"wp-image-499 alignright\" src=\"https:\/\/ecole.ac-nice.fr\/carros\/fiori\/wp-content\/uploads\/sites\/25\/2018\/10\/Hamel-Grain.jpg\" alt=\"\" width=\"276\" height=\"413\" srcset=\"https:\/\/ecole.ac-nice.fr\/carros\/fiori\/wp-content\/uploads\/sites\/25\/2018\/10\/Hamel-Grain.jpg 425w, https:\/\/ecole.ac-nice.fr\/carros\/fiori\/wp-content\/uploads\/sites\/25\/2018\/10\/Hamel-Grain-201x300.jpg 201w\" sizes=\"auto, (max-width: 276px) 100vw, 276px\" \/><\/a><\/p>\n<p><span style=\"font-family: Comic Sans MS, cursive\"><span style=\"font-size: small\"><span style=\"color: #141412\">&#8211; <\/span><span style=\"color: #141412\">Tous <\/span><span style=\"color: #141412\">les enfants de l\u2019\u00e9cole Louis Fiori se rendront \u00e0 la\u00a0<\/span> <span style=\"color: #000000\">m\u00e9diath\u00e8que afin d\u2019enrichir leurs connaissances artistiques et culturelles selon l\u2019organisation suivante :<\/span><\/span><\/span><\/p>\n<p><span style=\"font-family: Comic Sans MS, cursive\"><span style=\"font-size: small\"><u>vendredi 16 novembre, de 14h15 \u00e0 15h15\u00a0:<\/u> exposition \u00ab\u00a01000 brindilles\u2026\u00a0\u00bb. <b>GS et <\/b><b>CP <\/b><\/span><\/span><\/p>\n<p><span style=\"font-family: Comic Sans MS, cursive\"><span style=\"font-size: small\"><u>mardi 18 d\u00e9cembre, de 9h30 \u00e0 10h30\u00a0:<\/u> lectures autour du th\u00e8me des formes. <b>PS-MS<\/b><\/span><\/span><\/p>\n<p><span style=\"font-family: Comic Sans MS, cursive\"><span style=\"font-size: small\"><u>mardi 18 d\u00e9cembre, de 10h30 \u00e0 11h30\u00a0:<\/u> lectures autour du th\u00e8me des formes. <b>MS-GS<\/b><\/span><\/span><\/p>\n<p><span style=\"font-family: Comic Sans MS, cursive\"><span style=\"font-size: small\"><u>jeudi 17 janvier, de 9h30 \u00e0 10h30 :<\/u> exposition sur le son. <b>CM2<\/b><\/span><\/span><\/p>\n<p><span style=\"font-family: Comic Sans MS, cursive\"><span style=\"font-size: small\"><u>jeudi 24 janvier, de 9h15 \u00e0 10h45\u00a0:<\/u> courts-m\u00e9trages sur l\u2019\u00e9cologie, protection de la nature. <b>PS-MS<\/b><u> <\/u><\/span><\/span><\/p>\n<p><span style=\"font-family: Comic Sans MS, cursive\"><span style=\"font-size: small\"><u>vendredi 25 janvier, de 14h15 \u00e0 15h15\u00a0:<\/u> exposition sur le son. <b>CE1-CE2<\/b><\/span><\/span><\/p>\n<p><span style=\"font-family: Comic Sans MS, cursive\"><span style=\"font-size: small\"><u>jeudi 31 janvier, de 9h15 \u00e0 10h45\u00a0:<\/u> courts-m\u00e9trages sur l\u2019\u00e9cologie, protection de la nature. <b>MS-GS<\/b><\/span><\/span><\/p>\n<p><span style=\"font-family: Comic Sans MS, cursive\"><span style=\"font-size: small\"><u>vendredi 1<\/u><sup><u>er<\/u><\/sup><u> f\u00e9vrier, de 14h15 \u00e0 15h15\u00a0:<\/u> exposition sur le son. <b>CE2-CM1<\/b><\/span><\/span><span style=\"font-family: Comic Sans MS, cursive\"><span style=\"font-size: small\"><b><a href=\"https:\/\/ecole.ac-nice.fr\/carros\/fiori\/wp-content\/uploads\/sites\/25\/2018\/10\/M\u00e9diath\u00e8que.jpg\"><img loading=\"lazy\" decoding=\"async\" class=\"size-full wp-image-500 alignright\" src=\"https:\/\/ecole.ac-nice.fr\/carros\/fiori\/wp-content\/uploads\/sites\/25\/2018\/10\/M\u00e9diath\u00e8que.jpg\" alt=\"\" width=\"183\" height=\"275\" \/><\/a><\/b><\/span><\/span><\/p>\n<p><span style=\"font-family: Comic Sans MS, cursive\"><span style=\"font-size: small\"><u>mardi 26 mars, de 14h15\u00a0\u00e0 15h15 :<\/u> lectures sur le th\u00e8me de l\u2019art, autour du spectacle \u00ab\u00a0Kal\u00e9idoplastique Quizz\u00a0\u00bb. <b>CM2<\/b><\/span><\/span><\/p>\n<p><span style=\"font-family: Comic Sans MS, cursive\"><span style=\"font-size: small\"><u>vendredi 29 mars, de 14h15 \u00e0 15h15\u00a0:<\/u> lectures sur le th\u00e8me de l\u2019art, autour du spectacle \u00ab\u00a0Kal\u00e9idoplastique Quizz\u00a0\u00bb. <b>CE2-CM1<\/b><\/span><\/span><\/p>\n<p><span style=\"font-family: Comic Sans MS, cursive\"><span style=\"font-size: small\"><u>vendredi 26 avril, de 14h15 \u00e0 15h15\u00a0:<\/u> fonctionnement de la m\u00e9diath\u00e8que et classement des documents. <b>CE1-CE2<\/b><\/span><\/span><\/p>\n<p><span style=\"font-family: Comic Sans MS, cursive\"><span style=\"font-size: small\"><u>mardi 25 juin, de 14h15 \u00e0 15h15\u00a0:<\/u> fonctionnement de la m\u00e9diath\u00e8que et classement des documents<b>. CM2<\/b><\/span><\/span><\/p>\n","protected":false},"excerpt":{"rendered":"<p>En partenariat avec la m\u00e9diath\u00e8que Andr\u00e9-Verdet et le Forum Jacques-Pr\u00e9vert,\u00a0dans la dynamique du projet 100% EAC, deux actions conjointes sont men\u00e9es : &#8211; l\u2019artiste St\u00e9phanie Hamel-Grain interviendra, aupr\u00e8s des \u00e9l\u00e8ves d\u2019\u00e9l\u00e9mentaire, au 1er trimestre et d\u00e9but du second trimestre, afin de r\u00e9aliser une production plastique qui sera pr\u00e9sent\u00e9e lors de l\u2019exposition \u00ab Comment bien observer &hellip; <a href=\"https:\/\/ecole.ac-nice.fr\/carros\/fiori\/?p=498\" class=\"more-link\">Continuer la lecture de <span class=\"screen-reader-text\">100% EAC (Enseignement artistique et culturel)<\/span> <span class=\"meta-nav\">&rarr;<\/span><\/a><\/p>\n","protected":false},"author":29,"featured_media":0,"comment_status":"closed","ping_status":"open","sticky":false,"template":"","format":"link","meta":{"footnotes":""},"categories":[1,12],"tags":[],"class_list":["post-498","post","type-post","status-publish","format-link","hentry","category-actualites-diverses","category-sorties","post_format-post-format-link"],"_links":{"self":[{"href":"https:\/\/ecole.ac-nice.fr\/carros\/fiori\/index.php?rest_route=\/wp\/v2\/posts\/498","targetHints":{"allow":["GET"]}}],"collection":[{"href":"https:\/\/ecole.ac-nice.fr\/carros\/fiori\/index.php?rest_route=\/wp\/v2\/posts"}],"about":[{"href":"https:\/\/ecole.ac-nice.fr\/carros\/fiori\/index.php?rest_route=\/wp\/v2\/types\/post"}],"author":[{"embeddable":true,"href":"https:\/\/ecole.ac-nice.fr\/carros\/fiori\/index.php?rest_route=\/wp\/v2\/users\/29"}],"replies":[{"embeddable":true,"href":"https:\/\/ecole.ac-nice.fr\/carros\/fiori\/index.php?rest_route=%2Fwp%2Fv2%2Fcomments&post=498"}],"version-history":[{"count":2,"href":"https:\/\/ecole.ac-nice.fr\/carros\/fiori\/index.php?rest_route=\/wp\/v2\/posts\/498\/revisions"}],"predecessor-version":[{"id":640,"href":"https:\/\/ecole.ac-nice.fr\/carros\/fiori\/index.php?rest_route=\/wp\/v2\/posts\/498\/revisions\/640"}],"wp:attachment":[{"href":"https:\/\/ecole.ac-nice.fr\/carros\/fiori\/index.php?rest_route=%2Fwp%2Fv2%2Fmedia&parent=498"}],"wp:term":[{"taxonomy":"category","embeddable":true,"href":"https:\/\/ecole.ac-nice.fr\/carros\/fiori\/index.php?rest_route=%2Fwp%2Fv2%2Fcategories&post=498"},{"taxonomy":"post_tag","embeddable":true,"href":"https:\/\/ecole.ac-nice.fr\/carros\/fiori\/index.php?rest_route=%2Fwp%2Fv2%2Ftags&post=498"}],"curies":[{"name":"wp","href":"https:\/\/api.w.org\/{rel}","templated":true}]}}