{"id":488,"date":"2018-10-12T16:09:29","date_gmt":"2018-10-12T14:09:29","guid":{"rendered":"http:\/\/ecole.ac-nice.fr\/carros\/fiori\/?p=488"},"modified":"2018-10-12T16:12:40","modified_gmt":"2018-10-12T14:12:40","slug":"fete-de-lautomne","status":"publish","type":"post","link":"https:\/\/ecole.ac-nice.fr\/carros\/fiori\/?p=488","title":{"rendered":"F\u00eate de l&rsquo;automne du vendredi 19 octobre 2018"},"content":{"rendered":"<p>L&rsquo;association \u00ab\u00a0Les Pitchouns de l\u2019\u00c9cole L. Fiori\u00a0\u00bb organise pour ses pitchouns un go\u00fbter, le dernier vendredi avant les vacances, de 15h \u00e0 16h15.<\/p>\n<p>Nous appelons \u00e0 votre g\u00e9n\u00e9rosit\u00e9 afin de proposer aux enfants vos propres pr\u00e9parations.<\/p>\n<p>Il nous faudrait pour cela des g\u00e2teaux faits maison, des fruits de saison ainsi que des purs jus de fruits (les sodas sont \u00e0 \u00e9viter).<\/p>\n<p>Les pitchouns vous en remercient par avance&#8230;<\/p>\n<p style=\"text-align: right\">L&rsquo;association \u00ab\u00a0Les Pitchouns de l\u2019\u00c9cole L. Fiori\u00a0\u00bb<\/p>\n<p><a href=\"https:\/\/ecole.ac-nice.fr\/carros\/fiori\/wp-content\/uploads\/sites\/25\/2018\/10\/F\u00eate-de-lautomne-2016.jpg\"><img loading=\"lazy\" decoding=\"async\" class=\"alignnone size-full wp-image-489\" src=\"https:\/\/ecole.ac-nice.fr\/carros\/fiori\/wp-content\/uploads\/sites\/25\/2018\/10\/F\u00eate-de-lautomne-2016.jpg\" alt=\"\" width=\"500\" height=\"277\" srcset=\"https:\/\/ecole.ac-nice.fr\/carros\/fiori\/wp-content\/uploads\/sites\/25\/2018\/10\/F\u00eate-de-lautomne-2016.jpg 500w, https:\/\/ecole.ac-nice.fr\/carros\/fiori\/wp-content\/uploads\/sites\/25\/2018\/10\/F\u00eate-de-lautomne-2016-300x166.jpg 300w\" sizes=\"auto, (max-width: 500px) 100vw, 500px\" \/><\/a><\/p>\n","protected":false},"excerpt":{"rendered":"<p>L&rsquo;association \u00ab\u00a0Les Pitchouns de l\u2019\u00c9cole L. Fiori\u00a0\u00bb organise pour ses pitchouns un go\u00fbter, le dernier vendredi avant les vacances, de 15h \u00e0 16h15. Nous appelons \u00e0 votre g\u00e9n\u00e9rosit\u00e9 afin de proposer aux enfants vos propres pr\u00e9parations. Il nous faudrait pour cela des g\u00e2teaux faits maison, des fruits de saison ainsi que des purs jus de &hellip; <a href=\"https:\/\/ecole.ac-nice.fr\/carros\/fiori\/?p=488\" class=\"more-link\">Continuer la lecture de <span class=\"screen-reader-text\">F\u00eate de l&rsquo;automne du vendredi 19 octobre 2018<\/span> <span class=\"meta-nav\">&rarr;<\/span><\/a><\/p>\n","protected":false},"author":29,"featured_media":0,"comment_status":"closed","ping_status":"open","sticky":false,"template":"","format":"quote","meta":{"footnotes":""},"categories":[1,13],"tags":[],"class_list":["post-488","post","type-post","status-publish","format-quote","hentry","category-actualites-diverses","category-association-de-lecole","post_format-post-format-quote"],"_links":{"self":[{"href":"https:\/\/ecole.ac-nice.fr\/carros\/fiori\/index.php?rest_route=\/wp\/v2\/posts\/488","targetHints":{"allow":["GET"]}}],"collection":[{"href":"https:\/\/ecole.ac-nice.fr\/carros\/fiori\/index.php?rest_route=\/wp\/v2\/posts"}],"about":[{"href":"https:\/\/ecole.ac-nice.fr\/carros\/fiori\/index.php?rest_route=\/wp\/v2\/types\/post"}],"author":[{"embeddable":true,"href":"https:\/\/ecole.ac-nice.fr\/carros\/fiori\/index.php?rest_route=\/wp\/v2\/users\/29"}],"replies":[{"embeddable":true,"href":"https:\/\/ecole.ac-nice.fr\/carros\/fiori\/index.php?rest_route=%2Fwp%2Fv2%2Fcomments&post=488"}],"version-history":[{"count":3,"href":"https:\/\/ecole.ac-nice.fr\/carros\/fiori\/index.php?rest_route=\/wp\/v2\/posts\/488\/revisions"}],"predecessor-version":[{"id":493,"href":"https:\/\/ecole.ac-nice.fr\/carros\/fiori\/index.php?rest_route=\/wp\/v2\/posts\/488\/revisions\/493"}],"wp:attachment":[{"href":"https:\/\/ecole.ac-nice.fr\/carros\/fiori\/index.php?rest_route=%2Fwp%2Fv2%2Fmedia&parent=488"}],"wp:term":[{"taxonomy":"category","embeddable":true,"href":"https:\/\/ecole.ac-nice.fr\/carros\/fiori\/index.php?rest_route=%2Fwp%2Fv2%2Fcategories&post=488"},{"taxonomy":"post_tag","embeddable":true,"href":"https:\/\/ecole.ac-nice.fr\/carros\/fiori\/index.php?rest_route=%2Fwp%2Fv2%2Ftags&post=488"}],"curies":[{"name":"wp","href":"https:\/\/api.w.org\/{rel}","templated":true}]}}