{"id":477,"date":"2018-10-08T08:19:06","date_gmt":"2018-10-08T06:19:06","guid":{"rendered":"http:\/\/ecole.ac-nice.fr\/carros\/fiori\/?p=477"},"modified":"2018-10-08T08:19:06","modified_gmt":"2018-10-08T06:19:06","slug":"spectacle-pat-et-mat","status":"publish","type":"post","link":"https:\/\/ecole.ac-nice.fr\/carros\/fiori\/?p=477","title":{"rendered":"Spectacle Pat et Mat"},"content":{"rendered":"<p>Dans le cadre du partenariat avec le Forum J. Pr\u00e9vert et du projet 100% EAC de notre commune, les enfants de maternelle de l\u2019\u00e9cole Louis Fiori se rendront \u00e0 la salle J. Gr\u00e9co le vendredi 12 octobre de 9h30 \u00e0 11h10 afin de voir le spectacle \u00ab\u00a0Pat et Mat\u00a0\u00bb. Les classes de CP et de CE1-CE2 en profiteront de 14h \u00e0 15h40. Ils prendront un bus et 4 accompagnateurs les encadreront.<a href=\"https:\/\/ecole.ac-nice.fr\/carros\/fiori\/wp-content\/uploads\/sites\/25\/2018\/10\/Pat-et-mat-1.jpg\"><img loading=\"lazy\" decoding=\"async\" class=\"alignnone size-full wp-image-479\" src=\"https:\/\/ecole.ac-nice.fr\/carros\/fiori\/wp-content\/uploads\/sites\/25\/2018\/10\/Pat-et-mat-1.jpg\" alt=\"\" width=\"1112\" height=\"681\" srcset=\"https:\/\/ecole.ac-nice.fr\/carros\/fiori\/wp-content\/uploads\/sites\/25\/2018\/10\/Pat-et-mat-1.jpg 1112w, https:\/\/ecole.ac-nice.fr\/carros\/fiori\/wp-content\/uploads\/sites\/25\/2018\/10\/Pat-et-mat-1-300x184.jpg 300w, https:\/\/ecole.ac-nice.fr\/carros\/fiori\/wp-content\/uploads\/sites\/25\/2018\/10\/Pat-et-mat-1-768x470.jpg 768w, https:\/\/ecole.ac-nice.fr\/carros\/fiori\/wp-content\/uploads\/sites\/25\/2018\/10\/Pat-et-mat-1-1024x627.jpg 1024w\" sizes=\"auto, (max-width: 1112px) 100vw, 1112px\" \/><\/a><\/p>\n","protected":false},"excerpt":{"rendered":"<p>Dans le cadre du partenariat avec le Forum J. Pr\u00e9vert et du projet 100% EAC de notre commune, les enfants de maternelle de l\u2019\u00e9cole Louis Fiori se rendront \u00e0 la salle J. Gr\u00e9co le vendredi 12 octobre de 9h30 \u00e0 11h10 afin de voir le spectacle \u00ab\u00a0Pat et Mat\u00a0\u00bb. Les classes de CP et de &hellip; <a href=\"https:\/\/ecole.ac-nice.fr\/carros\/fiori\/?p=477\" class=\"more-link\">Continuer la lecture de <span class=\"screen-reader-text\">Spectacle Pat et Mat<\/span> <span class=\"meta-nav\">&rarr;<\/span><\/a><\/p>\n","protected":false},"author":29,"featured_media":0,"comment_status":"closed","ping_status":"open","sticky":false,"template":"","format":"chat","meta":{"footnotes":""},"categories":[1],"tags":[],"class_list":["post-477","post","type-post","status-publish","format-chat","hentry","category-actualites-diverses","post_format-post-format-chat"],"_links":{"self":[{"href":"https:\/\/ecole.ac-nice.fr\/carros\/fiori\/index.php?rest_route=\/wp\/v2\/posts\/477","targetHints":{"allow":["GET"]}}],"collection":[{"href":"https:\/\/ecole.ac-nice.fr\/carros\/fiori\/index.php?rest_route=\/wp\/v2\/posts"}],"about":[{"href":"https:\/\/ecole.ac-nice.fr\/carros\/fiori\/index.php?rest_route=\/wp\/v2\/types\/post"}],"author":[{"embeddable":true,"href":"https:\/\/ecole.ac-nice.fr\/carros\/fiori\/index.php?rest_route=\/wp\/v2\/users\/29"}],"replies":[{"embeddable":true,"href":"https:\/\/ecole.ac-nice.fr\/carros\/fiori\/index.php?rest_route=%2Fwp%2Fv2%2Fcomments&post=477"}],"version-history":[{"count":1,"href":"https:\/\/ecole.ac-nice.fr\/carros\/fiori\/index.php?rest_route=\/wp\/v2\/posts\/477\/revisions"}],"predecessor-version":[{"id":480,"href":"https:\/\/ecole.ac-nice.fr\/carros\/fiori\/index.php?rest_route=\/wp\/v2\/posts\/477\/revisions\/480"}],"wp:attachment":[{"href":"https:\/\/ecole.ac-nice.fr\/carros\/fiori\/index.php?rest_route=%2Fwp%2Fv2%2Fmedia&parent=477"}],"wp:term":[{"taxonomy":"category","embeddable":true,"href":"https:\/\/ecole.ac-nice.fr\/carros\/fiori\/index.php?rest_route=%2Fwp%2Fv2%2Fcategories&post=477"},{"taxonomy":"post_tag","embeddable":true,"href":"https:\/\/ecole.ac-nice.fr\/carros\/fiori\/index.php?rest_route=%2Fwp%2Fv2%2Ftags&post=477"}],"curies":[{"name":"wp","href":"https:\/\/api.w.org\/{rel}","templated":true}]}}