{"id":465,"date":"2018-09-28T15:57:06","date_gmt":"2018-09-28T13:57:06","guid":{"rendered":"http:\/\/ecole.ac-nice.fr\/carros\/fiori\/?p=465"},"modified":"2018-09-28T15:57:06","modified_gmt":"2018-09-28T13:57:06","slug":"operation-nettoyons-la-nature","status":"publish","type":"post","link":"https:\/\/ecole.ac-nice.fr\/carros\/fiori\/?p=465","title":{"rendered":"Op\u00e9ration \u00ab\u00a0Nettoyons la nature\u00a0\u00bb"},"content":{"rendered":"<p align=\"justify\"><a href=\"https:\/\/ecole.ac-nice.fr\/carros\/fiori\/wp-content\/uploads\/sites\/25\/2018\/09\/nettoyons.jpg\"><img loading=\"lazy\" decoding=\"async\" class=\"wp-image-467 alignright\" src=\"https:\/\/ecole.ac-nice.fr\/carros\/fiori\/wp-content\/uploads\/sites\/25\/2018\/09\/nettoyons.jpg\" alt=\"\" width=\"293\" height=\"341\" srcset=\"https:\/\/ecole.ac-nice.fr\/carros\/fiori\/wp-content\/uploads\/sites\/25\/2018\/09\/nettoyons.jpg 349w, https:\/\/ecole.ac-nice.fr\/carros\/fiori\/wp-content\/uploads\/sites\/25\/2018\/09\/nettoyons-258x300.jpg 258w\" sizes=\"auto, (max-width: 293px) 100vw, 293px\" \/><\/a><\/p>\n<p align=\"justify\"><span style=\"font-family: Times New Roman, serif\"><span style=\"font-size: medium\">Dans le cadre du projet \u00e9cocitoyen de notre \u00e9cole et de l\u2019op\u00e9ration \u00ab\u00a0nettoyons la nature\u00a0\u00bb, en partenariat avec les magasins Leclerc, les enfants d&rsquo;\u00e9l\u00e9mentaire de l\u2019Ecole Louis Fiori r\u00e9aliseront une randonn\u00e9e autour du village le jeudi 4 octobre de 9h30 \u00e0 11h30. <\/span><\/span><\/p>\n<p align=\"justify\"><span style=\"font-family: Times New Roman, serif;font-size: medium\"> Munis de sacs, de tee-shirts\u00a0et de gants adapt\u00e9s, ils arpenteront les sentiers \u00e0 proximit\u00e9 de l\u2019\u00e9cole et du village, afin de r\u00e9cup\u00e9rer tous les d\u00e9tritus qui ont \u00e9t\u00e9 jet\u00e9s dans la nature. <\/span><\/p>\n<p align=\"justify\"><span style=\"font-family: Times New Roman, serif\"><span style=\"font-size: medium\"> Pour vivre cette sensibilisation \u00e0 la protection de l\u2019environnement, les enfants devront se munir d\u2019un petit sac \u00e0 dos avec une gourde et un go\u00fbter, porter une tenue adapt\u00e9e et des chaussures de sport. <\/span><\/span><\/p>\n<p align=\"justify\"><span style=\"font-family: Times New Roman, serif\"><span style=\"font-size: medium\"> Ils seront encadr\u00e9s par les enseignants et 8 parents d\u2019\u00e9l\u00e8ves choisis parmi ceux qui se proposeront.<\/span><\/span><\/p>\n<p align=\"justify\"><a href=\"https:\/\/ecole.ac-nice.fr\/carros\/fiori\/wp-content\/uploads\/sites\/25\/2018\/09\/illustration-nettoyons-la-nature-elle-a-besoin-de-nous_1-1536505395.jpg\"><img loading=\"lazy\" decoding=\"async\" class=\"alignnone size-full wp-image-466\" src=\"https:\/\/ecole.ac-nice.fr\/carros\/fiori\/wp-content\/uploads\/sites\/25\/2018\/09\/illustration-nettoyons-la-nature-elle-a-besoin-de-nous_1-1536505395.jpg\" alt=\"\" width=\"1600\" height=\"706\" srcset=\"https:\/\/ecole.ac-nice.fr\/carros\/fiori\/wp-content\/uploads\/sites\/25\/2018\/09\/illustration-nettoyons-la-nature-elle-a-besoin-de-nous_1-1536505395.jpg 1600w, https:\/\/ecole.ac-nice.fr\/carros\/fiori\/wp-content\/uploads\/sites\/25\/2018\/09\/illustration-nettoyons-la-nature-elle-a-besoin-de-nous_1-1536505395-300x132.jpg 300w, https:\/\/ecole.ac-nice.fr\/carros\/fiori\/wp-content\/uploads\/sites\/25\/2018\/09\/illustration-nettoyons-la-nature-elle-a-besoin-de-nous_1-1536505395-768x339.jpg 768w, https:\/\/ecole.ac-nice.fr\/carros\/fiori\/wp-content\/uploads\/sites\/25\/2018\/09\/illustration-nettoyons-la-nature-elle-a-besoin-de-nous_1-1536505395-1024x452.jpg 1024w\" sizes=\"auto, (max-width: 1600px) 100vw, 1600px\" \/><\/a><\/p>\n","protected":false},"excerpt":{"rendered":"<p>Dans le cadre du projet \u00e9cocitoyen de notre \u00e9cole et de l\u2019op\u00e9ration \u00ab\u00a0nettoyons la nature\u00a0\u00bb, en partenariat avec les magasins Leclerc, les enfants d&rsquo;\u00e9l\u00e9mentaire de l\u2019Ecole Louis Fiori r\u00e9aliseront une randonn\u00e9e autour du village le jeudi 4 octobre de 9h30 \u00e0 11h30. Munis de sacs, de tee-shirts\u00a0et de gants adapt\u00e9s, ils arpenteront les sentiers \u00e0 &hellip; <a href=\"https:\/\/ecole.ac-nice.fr\/carros\/fiori\/?p=465\" class=\"more-link\">Continuer la lecture de <span class=\"screen-reader-text\">Op\u00e9ration \u00ab\u00a0Nettoyons la nature\u00a0\u00bb<\/span> <span class=\"meta-nav\">&rarr;<\/span><\/a><\/p>\n","protected":false},"author":29,"featured_media":0,"comment_status":"closed","ping_status":"open","sticky":false,"template":"","format":"quote","meta":{"footnotes":""},"categories":[1],"tags":[],"class_list":["post-465","post","type-post","status-publish","format-quote","hentry","category-actualites-diverses","post_format-post-format-quote"],"_links":{"self":[{"href":"https:\/\/ecole.ac-nice.fr\/carros\/fiori\/index.php?rest_route=\/wp\/v2\/posts\/465","targetHints":{"allow":["GET"]}}],"collection":[{"href":"https:\/\/ecole.ac-nice.fr\/carros\/fiori\/index.php?rest_route=\/wp\/v2\/posts"}],"about":[{"href":"https:\/\/ecole.ac-nice.fr\/carros\/fiori\/index.php?rest_route=\/wp\/v2\/types\/post"}],"author":[{"embeddable":true,"href":"https:\/\/ecole.ac-nice.fr\/carros\/fiori\/index.php?rest_route=\/wp\/v2\/users\/29"}],"replies":[{"embeddable":true,"href":"https:\/\/ecole.ac-nice.fr\/carros\/fiori\/index.php?rest_route=%2Fwp%2Fv2%2Fcomments&post=465"}],"version-history":[{"count":1,"href":"https:\/\/ecole.ac-nice.fr\/carros\/fiori\/index.php?rest_route=\/wp\/v2\/posts\/465\/revisions"}],"predecessor-version":[{"id":468,"href":"https:\/\/ecole.ac-nice.fr\/carros\/fiori\/index.php?rest_route=\/wp\/v2\/posts\/465\/revisions\/468"}],"wp:attachment":[{"href":"https:\/\/ecole.ac-nice.fr\/carros\/fiori\/index.php?rest_route=%2Fwp%2Fv2%2Fmedia&parent=465"}],"wp:term":[{"taxonomy":"category","embeddable":true,"href":"https:\/\/ecole.ac-nice.fr\/carros\/fiori\/index.php?rest_route=%2Fwp%2Fv2%2Fcategories&post=465"},{"taxonomy":"post_tag","embeddable":true,"href":"https:\/\/ecole.ac-nice.fr\/carros\/fiori\/index.php?rest_route=%2Fwp%2Fv2%2Ftags&post=465"}],"curies":[{"name":"wp","href":"https:\/\/api.w.org\/{rel}","templated":true}]}}