{"id":461,"date":"2018-09-28T10:00:40","date_gmt":"2018-09-28T08:00:40","guid":{"rendered":"http:\/\/ecole.ac-nice.fr\/carros\/fiori\/?p=461"},"modified":"2018-10-02T17:45:30","modified_gmt":"2018-10-02T15:45:30","slug":"elections-des-representants-de-parents-deleves-2018-2019","status":"publish","type":"post","link":"https:\/\/ecole.ac-nice.fr\/carros\/fiori\/?p=461","title":{"rendered":"Elections des repr\u00e9sentants de parents d&rsquo;\u00e9l\u00e8ves 2018-2019"},"content":{"rendered":"<p>Cette ann\u00e9e les \u00e9lections des repr\u00e9sentants de parents d&rsquo;\u00e9l\u00e8ves se d\u00e9rouleront de <span style=\"color: #3366ff\"><strong>8h \u00e0 12h15 le vendredi 12 octobre 2018<\/strong><\/span>.<\/p>\n<p>Chacun des 227 parents de l&rsquo;\u00e9cole peut voter soit directement \u00e0 l&rsquo;\u00e9cole, soit par correspondance en utilisant le mat\u00e9riel de vote qui sera remis aux enfants le vendredi 5 octobre.<\/p>\n<p>Pour rappel, les parents qui d\u00e9sirent se pr\u00e9senter sur une liste ont jusqu&rsquo;au lundi 1er octobre \u00e0 minuit pour se faire conna\u00eetre aupr\u00e8s du directeur.<\/p>\n<p><a href=\"https:\/\/ecole.ac-nice.fr\/carros\/fiori\/wp-content\/uploads\/sites\/25\/2018\/09\/Calendrier-r\u00e9capitulatif.pdf\">Calendrier r\u00e9capitulatif<\/a><\/p>\n<p>Bon vote !<\/p>\n<p><img loading=\"lazy\" decoding=\"async\" class=\"alignnone size-full wp-image-463\" src=\"https:\/\/ecole.ac-nice.fr\/carros\/fiori\/wp-content\/uploads\/sites\/25\/2018\/09\/vote.jpg\" alt=\"\" width=\"275\" height=\"183\" \/><\/p>\n<p><strong>En compl\u00e9ment de cet article, voici l&rsquo;affiche de la semaine de la d\u00e9mocratie scolaire.<\/strong><\/p>\n<p><a href=\"https:\/\/ecole.ac-nice.fr\/carros\/fiori\/wp-content\/uploads\/sites\/25\/2018\/09\/2018_democratiescolaire_affiche-infographie_1006011.54.jpg\"><img loading=\"lazy\" decoding=\"async\" class=\"alignnone size-full wp-image-475\" src=\"https:\/\/ecole.ac-nice.fr\/carros\/fiori\/wp-content\/uploads\/sites\/25\/2018\/09\/2018_democratiescolaire_affiche-infographie_1006011.54.jpg\" alt=\"\" width=\"980\" height=\"1386\" srcset=\"https:\/\/ecole.ac-nice.fr\/carros\/fiori\/wp-content\/uploads\/sites\/25\/2018\/09\/2018_democratiescolaire_affiche-infographie_1006011.54.jpg 980w, https:\/\/ecole.ac-nice.fr\/carros\/fiori\/wp-content\/uploads\/sites\/25\/2018\/09\/2018_democratiescolaire_affiche-infographie_1006011.54-212x300.jpg 212w, https:\/\/ecole.ac-nice.fr\/carros\/fiori\/wp-content\/uploads\/sites\/25\/2018\/09\/2018_democratiescolaire_affiche-infographie_1006011.54-768x1086.jpg 768w, https:\/\/ecole.ac-nice.fr\/carros\/fiori\/wp-content\/uploads\/sites\/25\/2018\/09\/2018_democratiescolaire_affiche-infographie_1006011.54-724x1024.jpg 724w\" sizes=\"auto, (max-width: 980px) 100vw, 980px\" \/><\/a><\/p>\n","protected":false},"excerpt":{"rendered":"<p>Cette ann\u00e9e les \u00e9lections des repr\u00e9sentants de parents d&rsquo;\u00e9l\u00e8ves se d\u00e9rouleront de 8h \u00e0 12h15 le vendredi 12 octobre 2018. Chacun des 227 parents de l&rsquo;\u00e9cole peut voter soit directement \u00e0 l&rsquo;\u00e9cole, soit par correspondance en utilisant le mat\u00e9riel de vote qui sera remis aux enfants le vendredi 5 octobre. Pour rappel, les parents qui &hellip; <a href=\"https:\/\/ecole.ac-nice.fr\/carros\/fiori\/?p=461\" class=\"more-link\">Continuer la lecture de <span class=\"screen-reader-text\">Elections des repr\u00e9sentants de parents d&rsquo;\u00e9l\u00e8ves 2018-2019<\/span> <span class=\"meta-nav\">&rarr;<\/span><\/a><\/p>\n","protected":false},"author":29,"featured_media":0,"comment_status":"closed","ping_status":"open","sticky":false,"template":"","format":"chat","meta":{"footnotes":""},"categories":[39],"tags":[],"class_list":["post-461","post","type-post","status-publish","format-chat","hentry","category-les-representants-de-parents-deleves","post_format-post-format-chat"],"_links":{"self":[{"href":"https:\/\/ecole.ac-nice.fr\/carros\/fiori\/index.php?rest_route=\/wp\/v2\/posts\/461","targetHints":{"allow":["GET"]}}],"collection":[{"href":"https:\/\/ecole.ac-nice.fr\/carros\/fiori\/index.php?rest_route=\/wp\/v2\/posts"}],"about":[{"href":"https:\/\/ecole.ac-nice.fr\/carros\/fiori\/index.php?rest_route=\/wp\/v2\/types\/post"}],"author":[{"embeddable":true,"href":"https:\/\/ecole.ac-nice.fr\/carros\/fiori\/index.php?rest_route=\/wp\/v2\/users\/29"}],"replies":[{"embeddable":true,"href":"https:\/\/ecole.ac-nice.fr\/carros\/fiori\/index.php?rest_route=%2Fwp%2Fv2%2Fcomments&post=461"}],"version-history":[{"count":3,"href":"https:\/\/ecole.ac-nice.fr\/carros\/fiori\/index.php?rest_route=\/wp\/v2\/posts\/461\/revisions"}],"predecessor-version":[{"id":476,"href":"https:\/\/ecole.ac-nice.fr\/carros\/fiori\/index.php?rest_route=\/wp\/v2\/posts\/461\/revisions\/476"}],"wp:attachment":[{"href":"https:\/\/ecole.ac-nice.fr\/carros\/fiori\/index.php?rest_route=%2Fwp%2Fv2%2Fmedia&parent=461"}],"wp:term":[{"taxonomy":"category","embeddable":true,"href":"https:\/\/ecole.ac-nice.fr\/carros\/fiori\/index.php?rest_route=%2Fwp%2Fv2%2Fcategories&post=461"},{"taxonomy":"post_tag","embeddable":true,"href":"https:\/\/ecole.ac-nice.fr\/carros\/fiori\/index.php?rest_route=%2Fwp%2Fv2%2Ftags&post=461"}],"curies":[{"name":"wp","href":"https:\/\/api.w.org\/{rel}","templated":true}]}}