{"id":458,"date":"2018-09-21T09:36:37","date_gmt":"2018-09-21T07:36:37","guid":{"rendered":"http:\/\/ecole.ac-nice.fr\/carros\/fiori\/?p=458"},"modified":"2018-09-21T09:36:37","modified_gmt":"2018-09-21T07:36:37","slug":"cinealma","status":"publish","type":"post","link":"https:\/\/ecole.ac-nice.fr\/carros\/fiori\/?p=458","title":{"rendered":"Cin\u00e9alma"},"content":{"rendered":"<p align=\"justify\"><span style=\"font-family: Times New Roman, serif\"><span style=\"font-size: medium\">Dans le cadre du festival Cin\u00e9alma, les enfants d&rsquo;\u00e9l\u00e9mentaire de l\u2019Ecole Louis Fiori se rendront \u00e0 la salle J. Gr\u00e9co le lundi 15 octobre de 8h45 \u00e0 11h00 afin de visionner le film \u00ab\u00a0Dilili \u00e0 Paris \u00bb de Michel Ocelot. Ils prendront un bus et 8 accompagnateurs les encadreront.<\/span><\/span><\/p>\n<p align=\"justify\">Bon film !<\/p>\n<p align=\"justify\"><img loading=\"lazy\" decoding=\"async\" class=\"alignnone size-full wp-image-459\" src=\"https:\/\/ecole.ac-nice.fr\/carros\/fiori\/wp-content\/uploads\/sites\/25\/2018\/09\/0531187.jpg-c_215_290_x-f_jpg-q_x-xxyxx.jpg\" alt=\"\" width=\"215\" height=\"290\" \/><\/p>\n","protected":false},"excerpt":{"rendered":"<p>Dans le cadre du festival Cin\u00e9alma, les enfants d&rsquo;\u00e9l\u00e9mentaire de l\u2019Ecole Louis Fiori se rendront \u00e0 la salle J. Gr\u00e9co le lundi 15 octobre de 8h45 \u00e0 11h00 afin de visionner le film \u00ab\u00a0Dilili \u00e0 Paris \u00bb de Michel Ocelot. Ils prendront un bus et 8 accompagnateurs les encadreront. Bon film !<\/p>\n","protected":false},"author":29,"featured_media":0,"comment_status":"closed","ping_status":"open","sticky":false,"template":"","format":"quote","meta":{"footnotes":""},"categories":[1],"tags":[],"class_list":["post-458","post","type-post","status-publish","format-quote","hentry","category-actualites-diverses","post_format-post-format-quote"],"_links":{"self":[{"href":"https:\/\/ecole.ac-nice.fr\/carros\/fiori\/index.php?rest_route=\/wp\/v2\/posts\/458","targetHints":{"allow":["GET"]}}],"collection":[{"href":"https:\/\/ecole.ac-nice.fr\/carros\/fiori\/index.php?rest_route=\/wp\/v2\/posts"}],"about":[{"href":"https:\/\/ecole.ac-nice.fr\/carros\/fiori\/index.php?rest_route=\/wp\/v2\/types\/post"}],"author":[{"embeddable":true,"href":"https:\/\/ecole.ac-nice.fr\/carros\/fiori\/index.php?rest_route=\/wp\/v2\/users\/29"}],"replies":[{"embeddable":true,"href":"https:\/\/ecole.ac-nice.fr\/carros\/fiori\/index.php?rest_route=%2Fwp%2Fv2%2Fcomments&post=458"}],"version-history":[{"count":1,"href":"https:\/\/ecole.ac-nice.fr\/carros\/fiori\/index.php?rest_route=\/wp\/v2\/posts\/458\/revisions"}],"predecessor-version":[{"id":460,"href":"https:\/\/ecole.ac-nice.fr\/carros\/fiori\/index.php?rest_route=\/wp\/v2\/posts\/458\/revisions\/460"}],"wp:attachment":[{"href":"https:\/\/ecole.ac-nice.fr\/carros\/fiori\/index.php?rest_route=%2Fwp%2Fv2%2Fmedia&parent=458"}],"wp:term":[{"taxonomy":"category","embeddable":true,"href":"https:\/\/ecole.ac-nice.fr\/carros\/fiori\/index.php?rest_route=%2Fwp%2Fv2%2Fcategories&post=458"},{"taxonomy":"post_tag","embeddable":true,"href":"https:\/\/ecole.ac-nice.fr\/carros\/fiori\/index.php?rest_route=%2Fwp%2Fv2%2Ftags&post=458"}],"curies":[{"name":"wp","href":"https:\/\/api.w.org\/{rel}","templated":true}]}}