{"id":453,"date":"2018-09-07T15:26:19","date_gmt":"2018-09-07T13:26:19","guid":{"rendered":"http:\/\/ecole.ac-nice.fr\/carros\/fiori\/?p=453"},"modified":"2019-06-17T08:12:05","modified_gmt":"2019-06-17T06:12:05","slug":"proces-verbaux-et-documents-relatifs-aux-conseils-decole-2","status":"publish","type":"post","link":"https:\/\/ecole.ac-nice.fr\/carros\/fiori\/?p=453","title":{"rendered":"Proc\u00e8s verbaux et documents relatifs aux conseils d&rsquo;\u00e9cole"},"content":{"rendered":"<p><strong><span style=\"color: #ff0000\">Proc\u00e8s verbal du conseil du 19 octobre 2018<\/span><\/strong><\/p>\n<p><a href=\"https:\/\/ecole.ac-nice.fr\/carros\/fiori\/wp-content\/uploads\/sites\/25\/2018\/09\/Conseil-d\u00e9cole-1er-trimestre-Louis-Fior-1-P\u00e9riscolaire.doc\"><span style=\"color: #00ff00\">Conseil d&rsquo;\u00e9cole 1er trimestre Louis Fior-1 P\u00e9riscolaire<\/span><\/a><\/p>\n<p><span style=\"color: #00ff00\"><a style=\"color: #00ff00\" href=\"https:\/\/ecole.ac-nice.fr\/carros\/fiori\/wp-content\/uploads\/sites\/25\/2018\/09\/PV-premier-conseil-d\u00e9cole-19-10-18.doc\">PV premier conseil d&rsquo;\u00e9cole 19-10-18<\/a><\/span><\/p>\n<p><span style=\"color: #00ff00\"><a style=\"color: #00ff00\" href=\"https:\/\/ecole.ac-nice.fr\/carros\/fiori\/wp-content\/uploads\/sites\/25\/2018\/09\/reglement-int\u00e9rieur2018-2019.doc\">r\u00e8glement int\u00e9rieur2018-2019<\/a><\/span><\/p>\n<p><strong><span style=\"color: #ff0000\">Documents relatifs au deuxi\u00e8me conseil du 12 mars 2019<\/span><\/strong><\/p>\n<p><span style=\"color: #ffff00\"><a style=\"color: #ffff00\" href=\"http:\/\/ecole.ac-nice.fr\/carros\/fiori\/?attachment_id=620\" rel=\"attachment wp-att-620\">Conseil d&rsquo;\u00e9cole p\u00e9riscolaire 2\u00e8me trimestre Louis Fior-3<\/a> <\/span><\/p>\n<p><span style=\"color: #ffff00\"><a style=\"color: #ffff00\" href=\"http:\/\/ecole.ac-nice.fr\/carros\/fiori\/?attachment_id=621\" rel=\"attachment wp-att-621\">conseil des \u00e9l\u00e8ves \u00e9l\u00e9mentaire<\/a> <\/span><\/p>\n<p><span style=\"color: #ffff00\"><a style=\"color: #ffff00\" href=\"http:\/\/ecole.ac-nice.fr\/carros\/fiori\/?attachment_id=622\" rel=\"attachment wp-att-622\">PV conseil d&rsquo;\u00e9cole n\u00b02 du 12.03.19 final<\/a> <\/span><\/p>\n<p><span style=\"color: #ffff00\"><a style=\"color: #ffff00\" href=\"http:\/\/ecole.ac-nice.fr\/carros\/fiori\/?attachment_id=623\" rel=\"attachment wp-att-623\">reglement int\u00e9rieur2018-2019<\/a><\/span><\/p>\n<p><strong><span style=\"color: #ff0000\">Documents concernant le conseil du 14 juin 2019<\/span><\/strong><\/p>\n<p><a href=\"https:\/\/ecole.ac-nice.fr\/carros\/fiori\/wp-content\/uploads\/sites\/25\/2018\/09\/Bilan-p\u00e9riscolaire-de-lann\u00e9e-Fiori-2019-2.doc\">Bilan p\u00e9riscolaire de l&rsquo;ann\u00e9e Fiori 2019 (2)<\/a><\/p>\n<p><a href=\"https:\/\/ecole.ac-nice.fr\/carros\/fiori\/wp-content\/uploads\/sites\/25\/2018\/09\/PV-conseil-d\u00e9cole-n\u00b03a-du-14.06.19.doc\">PV conseil d&rsquo;\u00e9cole n\u00b03a du 14.06.19<\/a><\/p>\n","protected":false},"excerpt":{"rendered":"<p>Proc\u00e8s verbal du conseil du 19 octobre 2018 Conseil d&rsquo;\u00e9cole 1er trimestre Louis Fior-1 P\u00e9riscolaire PV premier conseil d&rsquo;\u00e9cole 19-10-18 r\u00e8glement int\u00e9rieur2018-2019 Documents relatifs au deuxi\u00e8me conseil du 12 mars 2019 Conseil d&rsquo;\u00e9cole p\u00e9riscolaire 2\u00e8me trimestre Louis Fior-3 conseil des \u00e9l\u00e8ves \u00e9l\u00e9mentaire PV conseil d&rsquo;\u00e9cole n\u00b02 du 12.03.19 final reglement int\u00e9rieur2018-2019 Documents concernant le conseil &hellip; <a href=\"https:\/\/ecole.ac-nice.fr\/carros\/fiori\/?p=453\" class=\"more-link\">Continuer la lecture de <span class=\"screen-reader-text\">Proc\u00e8s verbaux et documents relatifs aux conseils d&rsquo;\u00e9cole<\/span> <span class=\"meta-nav\">&rarr;<\/span><\/a><\/p>\n","protected":false},"author":29,"featured_media":0,"comment_status":"closed","ping_status":"closed","sticky":false,"template":"","format":"quote","meta":{"footnotes":""},"categories":[1,38],"tags":[],"class_list":["post-453","post","type-post","status-publish","format-quote","hentry","category-actualites-diverses","category-annee-2018-2019","post_format-post-format-quote"],"_links":{"self":[{"href":"https:\/\/ecole.ac-nice.fr\/carros\/fiori\/index.php?rest_route=\/wp\/v2\/posts\/453","targetHints":{"allow":["GET"]}}],"collection":[{"href":"https:\/\/ecole.ac-nice.fr\/carros\/fiori\/index.php?rest_route=\/wp\/v2\/posts"}],"about":[{"href":"https:\/\/ecole.ac-nice.fr\/carros\/fiori\/index.php?rest_route=\/wp\/v2\/types\/post"}],"author":[{"embeddable":true,"href":"https:\/\/ecole.ac-nice.fr\/carros\/fiori\/index.php?rest_route=\/wp\/v2\/users\/29"}],"replies":[{"embeddable":true,"href":"https:\/\/ecole.ac-nice.fr\/carros\/fiori\/index.php?rest_route=%2Fwp%2Fv2%2Fcomments&post=453"}],"version-history":[{"count":5,"href":"https:\/\/ecole.ac-nice.fr\/carros\/fiori\/index.php?rest_route=\/wp\/v2\/posts\/453\/revisions"}],"predecessor-version":[{"id":674,"href":"https:\/\/ecole.ac-nice.fr\/carros\/fiori\/index.php?rest_route=\/wp\/v2\/posts\/453\/revisions\/674"}],"wp:attachment":[{"href":"https:\/\/ecole.ac-nice.fr\/carros\/fiori\/index.php?rest_route=%2Fwp%2Fv2%2Fmedia&parent=453"}],"wp:term":[{"taxonomy":"category","embeddable":true,"href":"https:\/\/ecole.ac-nice.fr\/carros\/fiori\/index.php?rest_route=%2Fwp%2Fv2%2Fcategories&post=453"},{"taxonomy":"post_tag","embeddable":true,"href":"https:\/\/ecole.ac-nice.fr\/carros\/fiori\/index.php?rest_route=%2Fwp%2Fv2%2Ftags&post=453"}],"curies":[{"name":"wp","href":"https:\/\/api.w.org\/{rel}","templated":true}]}}