{"id":447,"date":"2018-09-07T14:41:15","date_gmt":"2018-09-07T12:41:15","guid":{"rendered":"http:\/\/ecole.ac-nice.fr\/carros\/fiori\/?p=447"},"modified":"2018-09-08T08:46:49","modified_gmt":"2018-09-08T06:46:49","slug":"activite-sportive-natation-2","status":"publish","type":"post","link":"https:\/\/ecole.ac-nice.fr\/carros\/fiori\/?p=447","title":{"rendered":"Activit\u00e9 sportive : natation"},"content":{"rendered":"<p>Le cycle natation pour la classe de CE2-CM1 commencera cette ann\u00e9e le 21 septembre. L\u2019enseignante sera accompagn\u00e9e d\u2019un ma\u00eetre nageur pour apporter cet enseignement sp\u00e9cifique. Un deuxi\u00e8me ma\u00eetre nageur sera toujours pr\u00e9sent sur le bassin pour assurer une pleine s\u00e9curit\u00e9.<\/p>\n<p>A partir du 21 septembre et jusqu\u2019au 25 janvier, les enfants se rendront tous les vendredis \u00e0 la piscine de Carros.<\/p>\n<p>Les \u00e9l\u00e8ves prendront le bus \u00e0 9h05 et rentreront \u00e0 10h55.<\/p>\n<p>Afin de d\u00e9couvrir cette activit\u00e9 dans les meilleures conditions, il est obligatoire d\u2019avoir :<br \/>\nun maillot de bain (pas de short pour les gar\u00e7ons), une serviette de toilette et un bonnet. Nous recommandons d&rsquo;attacher les cheveux et de ne pas porter de bijoux ou de montres pour cette activit\u00e9.<\/p>\n<p><img loading=\"lazy\" decoding=\"async\" class=\"alignnone size-full wp-image-428\" src=\"https:\/\/ecole.ac-nice.fr\/carros\/fiori\/wp-content\/uploads\/sites\/25\/2018\/09\/Carros-Piscine-Tournesol_full_with1.jpg\" alt=\"\" width=\"603\" height=\"238\" srcset=\"https:\/\/ecole.ac-nice.fr\/carros\/fiori\/wp-content\/uploads\/sites\/25\/2018\/09\/Carros-Piscine-Tournesol_full_with1.jpg 603w, https:\/\/ecole.ac-nice.fr\/carros\/fiori\/wp-content\/uploads\/sites\/25\/2018\/09\/Carros-Piscine-Tournesol_full_with1-300x118.jpg 300w\" sizes=\"auto, (max-width: 603px) 100vw, 603px\" \/><\/p>\n","protected":false},"excerpt":{"rendered":"<p>Le cycle natation pour la classe de CE2-CM1 commencera cette ann\u00e9e le 21 septembre. L\u2019enseignante sera accompagn\u00e9e d\u2019un ma\u00eetre nageur pour apporter cet enseignement sp\u00e9cifique. Un deuxi\u00e8me ma\u00eetre nageur sera toujours pr\u00e9sent sur le bassin pour assurer une pleine s\u00e9curit\u00e9. A partir du 21 septembre et jusqu\u2019au 25 janvier, les enfants se rendront tous les &hellip; <a href=\"https:\/\/ecole.ac-nice.fr\/carros\/fiori\/?p=447\" class=\"more-link\">Continuer la lecture de <span class=\"screen-reader-text\">Activit\u00e9 sportive : natation<\/span> <span class=\"meta-nav\">&rarr;<\/span><\/a><\/p>\n","protected":false},"author":29,"featured_media":0,"comment_status":"closed","ping_status":"open","sticky":false,"template":"","format":"standard","meta":{"footnotes":""},"categories":[1],"tags":[],"class_list":["post-447","post","type-post","status-publish","format-standard","hentry","category-actualites-diverses"],"_links":{"self":[{"href":"https:\/\/ecole.ac-nice.fr\/carros\/fiori\/index.php?rest_route=\/wp\/v2\/posts\/447","targetHints":{"allow":["GET"]}}],"collection":[{"href":"https:\/\/ecole.ac-nice.fr\/carros\/fiori\/index.php?rest_route=\/wp\/v2\/posts"}],"about":[{"href":"https:\/\/ecole.ac-nice.fr\/carros\/fiori\/index.php?rest_route=\/wp\/v2\/types\/post"}],"author":[{"embeddable":true,"href":"https:\/\/ecole.ac-nice.fr\/carros\/fiori\/index.php?rest_route=\/wp\/v2\/users\/29"}],"replies":[{"embeddable":true,"href":"https:\/\/ecole.ac-nice.fr\/carros\/fiori\/index.php?rest_route=%2Fwp%2Fv2%2Fcomments&post=447"}],"version-history":[{"count":2,"href":"https:\/\/ecole.ac-nice.fr\/carros\/fiori\/index.php?rest_route=\/wp\/v2\/posts\/447\/revisions"}],"predecessor-version":[{"id":455,"href":"https:\/\/ecole.ac-nice.fr\/carros\/fiori\/index.php?rest_route=\/wp\/v2\/posts\/447\/revisions\/455"}],"wp:attachment":[{"href":"https:\/\/ecole.ac-nice.fr\/carros\/fiori\/index.php?rest_route=%2Fwp%2Fv2%2Fmedia&parent=447"}],"wp:term":[{"taxonomy":"category","embeddable":true,"href":"https:\/\/ecole.ac-nice.fr\/carros\/fiori\/index.php?rest_route=%2Fwp%2Fv2%2Fcategories&post=447"},{"taxonomy":"post_tag","embeddable":true,"href":"https:\/\/ecole.ac-nice.fr\/carros\/fiori\/index.php?rest_route=%2Fwp%2Fv2%2Ftags&post=447"}],"curies":[{"name":"wp","href":"https:\/\/api.w.org\/{rel}","templated":true}]}}