{"id":426,"date":"2018-09-02T15:08:15","date_gmt":"2018-09-02T13:08:15","guid":{"rendered":"http:\/\/ecole.ac-nice.fr\/carros\/fiori\/?p=426"},"modified":"2018-09-02T15:26:54","modified_gmt":"2018-09-02T13:26:54","slug":"activite-sportive-escalade","status":"publish","type":"post","link":"https:\/\/ecole.ac-nice.fr\/carros\/fiori\/?p=426","title":{"rendered":"Activit\u00e9 sportive : escalade"},"content":{"rendered":"<p>Les \u00e9l\u00e8ves de CM2 vont pouvoir pratiquer cette ann\u00e9e l&rsquo;escalade, entour\u00e9s de professionnels.<\/p>\n<p>A partir du 17 septembre et ce jusqu&rsquo;au 21 janvier, les \u00e9l\u00e8ves se rendront tous les lundis au site d&rsquo;escalade de Carros qui se trouve pr\u00e8s du gymnase.<\/p>\n<p>Les enfants prendront le bus \u00e0 14h et rentreront \u00e0 16h30.<\/p>\n<p>Afin de d\u00e9couvrir cette activit\u00e9 dans les meilleures conditions, il est recommand\u00e9 d&rsquo;avoir :<br \/>\nune gourde, des v\u00eatements et chaussures de sport et les cheveux attach\u00e9s.<\/p>\n<p>Bonne grimpe !!!<\/p>\n<p><img loading=\"lazy\" decoding=\"async\" class=\"alignnone size-full wp-image-427\" src=\"https:\/\/ecole.ac-nice.fr\/carros\/fiori\/wp-content\/uploads\/sites\/25\/2018\/09\/1083179211.jpg\" alt=\"\" width=\"400\" height=\"300\" srcset=\"https:\/\/ecole.ac-nice.fr\/carros\/fiori\/wp-content\/uploads\/sites\/25\/2018\/09\/1083179211.jpg 400w, https:\/\/ecole.ac-nice.fr\/carros\/fiori\/wp-content\/uploads\/sites\/25\/2018\/09\/1083179211-300x225.jpg 300w\" sizes=\"auto, (max-width: 400px) 100vw, 400px\" \/><\/p>\n","protected":false},"excerpt":{"rendered":"<p>Les \u00e9l\u00e8ves de CM2 vont pouvoir pratiquer cette ann\u00e9e l&rsquo;escalade, entour\u00e9s de professionnels. A partir du 17 septembre et ce jusqu&rsquo;au 21 janvier, les \u00e9l\u00e8ves se rendront tous les lundis au site d&rsquo;escalade de Carros qui se trouve pr\u00e8s du gymnase. Les enfants prendront le bus \u00e0 14h et rentreront \u00e0 16h30. Afin de d\u00e9couvrir &hellip; <a href=\"https:\/\/ecole.ac-nice.fr\/carros\/fiori\/?p=426\" class=\"more-link\">Continuer la lecture de <span class=\"screen-reader-text\">Activit\u00e9 sportive : escalade<\/span> <span class=\"meta-nav\">&rarr;<\/span><\/a><\/p>\n","protected":false},"author":29,"featured_media":0,"comment_status":"closed","ping_status":"open","sticky":false,"template":"","format":"video","meta":{"footnotes":""},"categories":[1],"tags":[],"class_list":["post-426","post","type-post","status-publish","format-video","hentry","category-actualites-diverses","post_format-post-format-video"],"_links":{"self":[{"href":"https:\/\/ecole.ac-nice.fr\/carros\/fiori\/index.php?rest_route=\/wp\/v2\/posts\/426","targetHints":{"allow":["GET"]}}],"collection":[{"href":"https:\/\/ecole.ac-nice.fr\/carros\/fiori\/index.php?rest_route=\/wp\/v2\/posts"}],"about":[{"href":"https:\/\/ecole.ac-nice.fr\/carros\/fiori\/index.php?rest_route=\/wp\/v2\/types\/post"}],"author":[{"embeddable":true,"href":"https:\/\/ecole.ac-nice.fr\/carros\/fiori\/index.php?rest_route=\/wp\/v2\/users\/29"}],"replies":[{"embeddable":true,"href":"https:\/\/ecole.ac-nice.fr\/carros\/fiori\/index.php?rest_route=%2Fwp%2Fv2%2Fcomments&post=426"}],"version-history":[{"count":2,"href":"https:\/\/ecole.ac-nice.fr\/carros\/fiori\/index.php?rest_route=\/wp\/v2\/posts\/426\/revisions"}],"predecessor-version":[{"id":434,"href":"https:\/\/ecole.ac-nice.fr\/carros\/fiori\/index.php?rest_route=\/wp\/v2\/posts\/426\/revisions\/434"}],"wp:attachment":[{"href":"https:\/\/ecole.ac-nice.fr\/carros\/fiori\/index.php?rest_route=%2Fwp%2Fv2%2Fmedia&parent=426"}],"wp:term":[{"taxonomy":"category","embeddable":true,"href":"https:\/\/ecole.ac-nice.fr\/carros\/fiori\/index.php?rest_route=%2Fwp%2Fv2%2Fcategories&post=426"},{"taxonomy":"post_tag","embeddable":true,"href":"https:\/\/ecole.ac-nice.fr\/carros\/fiori\/index.php?rest_route=%2Fwp%2Fv2%2Ftags&post=426"}],"curies":[{"name":"wp","href":"https:\/\/api.w.org\/{rel}","templated":true}]}}