{"id":411,"date":"2018-07-06T09:20:44","date_gmt":"2018-07-06T07:20:44","guid":{"rendered":"http:\/\/ecole.ac-nice.fr\/carros\/fiori\/?p=411"},"modified":"2018-07-06T09:20:44","modified_gmt":"2018-07-06T07:20:44","slug":"rentree-scolaire-2018-2019","status":"publish","type":"post","link":"https:\/\/ecole.ac-nice.fr\/carros\/fiori\/?p=411","title":{"rendered":"Rentr\u00e9e scolaire 2018-2019"},"content":{"rendered":"<p align=\"CENTER\"><span style=\"color: #5f497a\"><span style=\"font-size: xx-large\"><u><b>Rentr\u00e9e des classes 2018-2019<\/b><\/u><\/span><\/span><\/p>\n<p align=\"CENTER\"><img loading=\"lazy\" decoding=\"async\" class=\"alignnone size-full wp-image-412\" src=\"https:\/\/ecole.ac-nice.fr\/carros\/fiori\/wp-content\/uploads\/sites\/25\/2018\/07\/image_blog_accueil-300x170.jpg\" alt=\"\" width=\"300\" height=\"170\" \/><\/p>\n<p align=\"JUSTIFY\"><span style=\"font-size: x-large\"><span style=\"color: #4a442a\">La reprise des cours est pr\u00e9vue pour le <\/span><span style=\"color: #4a442a\"><u><b>3 septembre<\/b><\/u><\/span><span style=\"color: #4a442a\"><u>,<\/u><\/span><span style=\"color: #4a442a\"> ouverture du portail \u00e0 <\/span><span style=\"color: #4a442a\"><u>8h20<\/u><\/span><span style=\"color: #4a442a\"> et <\/span><span style=\"color: #4a442a\">reprise des cours <\/span><span style=\"color: #4a442a\">\u00e0 <\/span><span style=\"color: #4a442a\"><u>8h30.<\/u><\/span><\/span><\/p>\n<p align=\"JUSTIFY\"><span style=\"color: #4a442a\"><span style=\"font-size: x-large\">La cantine et la garderie fonctionneront normalement d\u00e8s le premier jour.<\/span><\/span><\/p>\n<p align=\"JUSTIFY\"><span style=\"font-size: x-large\"><span style=\"color: #4a442a\"><b>Sur demande de M. Le Maire et de M. le Recteur,<\/b><\/span> <span style=\"color: #4a442a\"><b>seuls les parents des \u00e9l\u00e8ves de petite section seront autoris\u00e9s \u00e0 rentrer dans l&rsquo;\u00e9cole <\/b><\/span><span style=\"color: #4a442a\"><u><b>le 3 septembre \u00e0 9 heure<\/b><\/u><\/span><span style=\"color: #4a442a\"><b>.<\/b><\/span><\/span><\/p>\n<p align=\"JUSTIFY\"><span style=\"font-size: x-large\"><span style=\"color: #4a442a\"><u><b>A partir du mardi 4 septembre,<\/b><\/u><\/span><span style=\"color: #4a442a\"><u> tous <\/u><\/span><span style=\"color: #4a442a\"><u>les parents devront laisser leur(s) enfant(s) au portail.<\/u><\/span><\/span><\/p>\n<p><span style=\"color: #4a442a\"><span style=\"font-family: Curlz MT, fantasy\"><span style=\"font-size: x-large\">En attendant ce jour important dans la vie de vos enfants, je vous souhaite de bonnes vacances !<\/span><\/span><\/span><\/p>\n<p align=\"RIGHT\"><span style=\"color: #4a442a\"><span style=\"font-size: large\">Le directeur<\/span><\/span><\/p>\n<p align=\"LEFT\"><span style=\"font-family: Arial, sans-serif\"><span style=\"font-size: medium\">PS\u00a0: Ce dispositif est susceptible d&rsquo;\u00e9voluer en fonction des consignes minist\u00e9rielles donn\u00e9es pendant l&rsquo;\u00e9t\u00e9.<\/span><\/span><\/p>\n","protected":false},"excerpt":{"rendered":"<p>Rentr\u00e9e des classes 2018-2019 La reprise des cours est pr\u00e9vue pour le 3 septembre, ouverture du portail \u00e0 8h20 et reprise des cours \u00e0 8h30. La cantine et la garderie fonctionneront normalement d\u00e8s le premier jour. Sur demande de M. Le Maire et de M. le Recteur, seuls les parents des \u00e9l\u00e8ves de petite section &hellip; <a href=\"https:\/\/ecole.ac-nice.fr\/carros\/fiori\/?p=411\" class=\"more-link\">Continuer la lecture de <span class=\"screen-reader-text\">Rentr\u00e9e scolaire 2018-2019<\/span> <span class=\"meta-nav\">&rarr;<\/span><\/a><\/p>\n","protected":false},"author":29,"featured_media":0,"comment_status":"closed","ping_status":"open","sticky":false,"template":"","format":"aside","meta":{"footnotes":""},"categories":[1],"tags":[],"class_list":["post-411","post","type-post","status-publish","format-aside","hentry","category-actualites-diverses","post_format-post-format-aside"],"_links":{"self":[{"href":"https:\/\/ecole.ac-nice.fr\/carros\/fiori\/index.php?rest_route=\/wp\/v2\/posts\/411","targetHints":{"allow":["GET"]}}],"collection":[{"href":"https:\/\/ecole.ac-nice.fr\/carros\/fiori\/index.php?rest_route=\/wp\/v2\/posts"}],"about":[{"href":"https:\/\/ecole.ac-nice.fr\/carros\/fiori\/index.php?rest_route=\/wp\/v2\/types\/post"}],"author":[{"embeddable":true,"href":"https:\/\/ecole.ac-nice.fr\/carros\/fiori\/index.php?rest_route=\/wp\/v2\/users\/29"}],"replies":[{"embeddable":true,"href":"https:\/\/ecole.ac-nice.fr\/carros\/fiori\/index.php?rest_route=%2Fwp%2Fv2%2Fcomments&post=411"}],"version-history":[{"count":1,"href":"https:\/\/ecole.ac-nice.fr\/carros\/fiori\/index.php?rest_route=\/wp\/v2\/posts\/411\/revisions"}],"predecessor-version":[{"id":413,"href":"https:\/\/ecole.ac-nice.fr\/carros\/fiori\/index.php?rest_route=\/wp\/v2\/posts\/411\/revisions\/413"}],"wp:attachment":[{"href":"https:\/\/ecole.ac-nice.fr\/carros\/fiori\/index.php?rest_route=%2Fwp%2Fv2%2Fmedia&parent=411"}],"wp:term":[{"taxonomy":"category","embeddable":true,"href":"https:\/\/ecole.ac-nice.fr\/carros\/fiori\/index.php?rest_route=%2Fwp%2Fv2%2Fcategories&post=411"},{"taxonomy":"post_tag","embeddable":true,"href":"https:\/\/ecole.ac-nice.fr\/carros\/fiori\/index.php?rest_route=%2Fwp%2Fv2%2Ftags&post=411"}],"curies":[{"name":"wp","href":"https:\/\/api.w.org\/{rel}","templated":true}]}}