{"id":1481,"date":"2023-03-06T16:17:23","date_gmt":"2023-03-06T15:17:23","guid":{"rendered":"https:\/\/ecole.ac-nice.fr\/carros\/fiori\/?p=1481"},"modified":"2023-03-06T16:18:19","modified_gmt":"2023-03-06T15:18:19","slug":"le-programme-phare","status":"publish","type":"post","link":"https:\/\/ecole.ac-nice.fr\/carros\/fiori\/?p=1481","title":{"rendered":"Le programme pHARe"},"content":{"rendered":"<p>Conform\u00e9ment \u00e0 l&rsquo;article L511 3-1 du Code de l\u2019Education et \u00e0 la loi n\u00b02019-791 du 26 juillet 2019, article 5 :<\/p>\n<p>\u00ab Aucun \u00e9l\u00e8ve ne doit subir de la part d\u2019autres \u00e9l\u00e8ves des faits de harc\u00e8lement ayant pour objet ou pour effet une d\u00e9gradation de ses conditions d\u2019apprentissage susceptibles de porter atteinte \u00e0 ses droits et \u00e0 sa dignit\u00e9 ou d\u2019alt\u00e9rer sa sant\u00e9 physique ou mentale . \u00bb<\/p>\n<p>Dans le cadre du programme pHARe de lutte contre le harc\u00e8lement entre \u00e9l\u00e8ves, la<br \/>\ncommunaut\u00e9 scolaire repr\u00e9sent\u00e9e en Conseil d\u2019Ecole, s\u2019engage dans un plan de pr\u00e9vention<br \/>\nfavorisant un climat scolaire apais\u00e9. En cas de situation potentielle de harc\u00e8lement, une<br \/>\n\u00e9quipe ressource de circonscription, d\u00e9sign\u00e9e par l\u2019Inspectrice de l\u2019Education nationale,<br \/>\nengagera un protocole de traitement adapt\u00e9 aux \u00e9l\u00e8ves concern\u00e9s. Ceux-ci seront entendus \u00e0 l\u2019\u00e9cole, avec bienveillance ce et sans \u00e0 priori, dans un souci de r\u00e9solution du probl\u00e8me pos\u00e9. Suite aux entretiens, la direction sera inform\u00e9e r\u00e9guli\u00e8rement de l\u2019\u00e9tat de la situation et pourra pr\u00e9venir les familles des enfants concern\u00e9s en fonction de la gravit\u00e9 des faits.<\/p>\n<p><a href=\"http:\/\/ecole.ac-nice.fr\/carros\/fiori\/wp-content\/uploads\/sites\/25\/2023\/03\/Programme-10h-1.png\"><img loading=\"lazy\" decoding=\"async\" class=\"wp-image-1486 alignleft\" src=\"http:\/\/ecole.ac-nice.fr\/carros\/fiori\/wp-content\/uploads\/sites\/25\/2023\/03\/Programme-10h-1.png\" alt=\"\" width=\"339\" height=\"479\" srcset=\"https:\/\/ecole.ac-nice.fr\/carros\/fiori\/wp-content\/uploads\/sites\/25\/2023\/03\/Programme-10h-1.png 794w, https:\/\/ecole.ac-nice.fr\/carros\/fiori\/wp-content\/uploads\/sites\/25\/2023\/03\/Programme-10h-1-212x300.png 212w, https:\/\/ecole.ac-nice.fr\/carros\/fiori\/wp-content\/uploads\/sites\/25\/2023\/03\/Programme-10h-1-724x1024.png 724w, https:\/\/ecole.ac-nice.fr\/carros\/fiori\/wp-content\/uploads\/sites\/25\/2023\/03\/Programme-10h-1-768x1086.png 768w\" sizes=\"auto, (max-width: 339px) 100vw, 339px\" \/><\/a><\/p>\n<p>&nbsp;<\/p>\n<p>&nbsp;<\/p>\n<p>&nbsp;<\/p>\n<p>Dans ce dispositif, les enseignants d\u2019\u00e9l\u00e9mentaire proposeront 10h d\u2019apprentissage en Education Morale et Civique sur la probl\u00e9matique du harc\u00e8lement .<\/p>\n<p>&nbsp;<\/p>\n<p>&nbsp;<\/p>\n<p>&nbsp;<\/p>\n<p>&nbsp;<\/p>\n<p>&nbsp;<\/p>\n<p><a href=\"http:\/\/ecole.ac-nice.fr\/carros\/fiori\/wp-content\/uploads\/sites\/25\/2023\/03\/Mallette-Parents.png\"><img loading=\"lazy\" decoding=\"async\" class=\"wp-image-1476 alignleft\" src=\"http:\/\/ecole.ac-nice.fr\/carros\/fiori\/wp-content\/uploads\/sites\/25\/2023\/03\/Mallette-Parents.png\" alt=\"\" width=\"327\" height=\"463\" srcset=\"https:\/\/ecole.ac-nice.fr\/carros\/fiori\/wp-content\/uploads\/sites\/25\/2023\/03\/Mallette-Parents.png 794w, https:\/\/ecole.ac-nice.fr\/carros\/fiori\/wp-content\/uploads\/sites\/25\/2023\/03\/Mallette-Parents-212x300.png 212w, https:\/\/ecole.ac-nice.fr\/carros\/fiori\/wp-content\/uploads\/sites\/25\/2023\/03\/Mallette-Parents-724x1024.png 724w, https:\/\/ecole.ac-nice.fr\/carros\/fiori\/wp-content\/uploads\/sites\/25\/2023\/03\/Mallette-Parents-768x1086.png 768w\" sizes=\"auto, (max-width: 327px) 100vw, 327px\" \/><\/a><\/p>\n<p>&nbsp;<\/p>\n<p>&nbsp;<\/p>\n<p>&nbsp;<\/p>\n<p>&nbsp;<\/p>\n<p>Pour les familles, des ressources et conseils sont propos\u00e9s afin d\u2018accompagner au mieux les enfants dans leur d\u00e9couverte du monde num\u00e9rique.<\/p>\n<p>&nbsp;<\/p>\n<p>&nbsp;<\/p>\n<p>&nbsp;<\/p>\n<p>&nbsp;<\/p>\n<p>Voici le guide des parents pour les enfants de 7 \u00e0 12 ans : <a href=\"http:\/\/ecole.ac-nice.fr\/carros\/fiori\/wp-content\/uploads\/sites\/25\/2023\/03\/guide_7-12_parents.pdf\">guide_7-12_parents<\/a><\/p>\n<p>Voici un guide qui cible l&rsquo;utilisation des \u00e9crans :\u00a0\u00a0<a href=\"http:\/\/ecole.ac-nice.fr\/carros\/fiori\/wp-content\/uploads\/sites\/25\/2023\/03\/guide_ados_et_ecrans.pdf\">guide_ados_et_ecrans<\/a><\/p>\n<p>&#8230; et 5 liens :<\/p>\n<p>Comment agir contre le cyberharc\u00e8lement ? <a href=\"https:\/\/www.youtube.com\/watch?v=GYDnwJTyfsw\">https:\/\/www.youtube.com\/watch?v=GYDnwJTyfsw<\/a><\/p>\n<p>Comment parler du harc\u00e8lement avec son enfant ?\u00a0<a href=\"https:\/\/www.youtube.com\/watch?v=qv81Ny7LSoQ&amp;t=1s\">https:\/\/www.youtube.com\/watch?v=qv81Ny7LSoQ&amp;t=1s<\/a><\/p>\n<p>Comment sensibiliser mon enfant au harc\u00e8lement ?\u00a0<a href=\"https:\/\/www.youtube.com\/watch?v=Fwm-IDN_tTw&amp;t=1s\">https:\/\/www.youtube.com\/watch?v=Fwm-IDN_tTw&amp;t=1s<\/a><\/p>\n<p>D\u00e9tecter le harc\u00e8lement :\u00a0<a href=\"https:\/\/www.youtube.com\/watch?v=XX6OUYc1lvg\">https:\/\/www.youtube.com\/watch?v=XX6OUYc1lvg<\/a><\/p>\n<p>Mettre fin au harc\u00e8lement. Comment aider mon enfant ?\u00a0 <a href=\"https:\/\/www.youtube.com\/watch?v=TLxHiN-XAhE\">https:\/\/www.youtube.com\/watch?v=TLxHiN-XAhE<\/a><\/p>\n","protected":false},"excerpt":{"rendered":"<p>Conform\u00e9ment \u00e0 l&rsquo;article L511 3-1 du Code de l\u2019Education et \u00e0 la loi n\u00b02019-791 du 26 juillet 2019, article 5 : \u00ab Aucun \u00e9l\u00e8ve ne doit subir de la part d\u2019autres \u00e9l\u00e8ves des faits de harc\u00e8lement ayant pour objet ou pour effet une d\u00e9gradation de ses conditions d\u2019apprentissage susceptibles de porter atteinte \u00e0 ses droits &hellip; <a href=\"https:\/\/ecole.ac-nice.fr\/carros\/fiori\/?p=1481\" class=\"more-link\">Continuer la lecture de <span class=\"screen-reader-text\">Le programme pHARe<\/span> <span class=\"meta-nav\">&rarr;<\/span><\/a><\/p>\n","protected":false},"author":29,"featured_media":0,"comment_status":"closed","ping_status":"closed","sticky":false,"template":"","format":"quote","meta":{"footnotes":""},"categories":[69],"tags":[],"class_list":["post-1481","post","type-post","status-publish","format-quote","hentry","category-programme-phare","post_format-post-format-quote"],"_links":{"self":[{"href":"https:\/\/ecole.ac-nice.fr\/carros\/fiori\/index.php?rest_route=\/wp\/v2\/posts\/1481","targetHints":{"allow":["GET"]}}],"collection":[{"href":"https:\/\/ecole.ac-nice.fr\/carros\/fiori\/index.php?rest_route=\/wp\/v2\/posts"}],"about":[{"href":"https:\/\/ecole.ac-nice.fr\/carros\/fiori\/index.php?rest_route=\/wp\/v2\/types\/post"}],"author":[{"embeddable":true,"href":"https:\/\/ecole.ac-nice.fr\/carros\/fiori\/index.php?rest_route=\/wp\/v2\/users\/29"}],"replies":[{"embeddable":true,"href":"https:\/\/ecole.ac-nice.fr\/carros\/fiori\/index.php?rest_route=%2Fwp%2Fv2%2Fcomments&post=1481"}],"version-history":[{"count":3,"href":"https:\/\/ecole.ac-nice.fr\/carros\/fiori\/index.php?rest_route=\/wp\/v2\/posts\/1481\/revisions"}],"predecessor-version":[{"id":1488,"href":"https:\/\/ecole.ac-nice.fr\/carros\/fiori\/index.php?rest_route=\/wp\/v2\/posts\/1481\/revisions\/1488"}],"wp:attachment":[{"href":"https:\/\/ecole.ac-nice.fr\/carros\/fiori\/index.php?rest_route=%2Fwp%2Fv2%2Fmedia&parent=1481"}],"wp:term":[{"taxonomy":"category","embeddable":true,"href":"https:\/\/ecole.ac-nice.fr\/carros\/fiori\/index.php?rest_route=%2Fwp%2Fv2%2Fcategories&post=1481"},{"taxonomy":"post_tag","embeddable":true,"href":"https:\/\/ecole.ac-nice.fr\/carros\/fiori\/index.php?rest_route=%2Fwp%2Fv2%2Ftags&post=1481"}],"curies":[{"name":"wp","href":"https:\/\/api.w.org\/{rel}","templated":true}]}}