{"id":1455,"date":"2023-01-23T09:41:20","date_gmt":"2023-01-23T08:41:20","guid":{"rendered":"https:\/\/ecole.ac-nice.fr\/carros\/fiori\/?p=1455"},"modified":"2023-01-23T09:41:20","modified_gmt":"2023-01-23T08:41:20","slug":"spectacle-mousse","status":"publish","type":"post","link":"https:\/\/ecole.ac-nice.fr\/carros\/fiori\/?p=1455","title":{"rendered":"Spectacle \u00ab\u00a0Mousse\u00a0\u00bb"},"content":{"rendered":"<p>Les \u00e9l\u00e8ves de CE1-CE2 auront l&rsquo;immense plaisir de d\u00e9couvrir le spectacle <b><i>Mousse<\/i><\/b><i> r\u00e9alis\u00e9 <\/i>par la Cie Scratch <strong>le vendredi 05 mai \u00e0 14h30<\/strong> \u00e0 la salle Juliette Gr\u00e9co.<\/p>\n<p>Ils prendront le bus \u00e0 14h et rentreront \u00e0 15h45 \u00e0 l&rsquo;\u00e9cole.<\/p>\n<p><a href=\"http:\/\/ecole.ac-nice.fr\/carros\/fiori\/wp-content\/uploads\/sites\/25\/2023\/01\/Mousse_1__David_Konecny-1-e1653913964372-1000x640-1.jpg\"><img loading=\"lazy\" decoding=\"async\" class=\"alignnone size-full wp-image-1457\" src=\"http:\/\/ecole.ac-nice.fr\/carros\/fiori\/wp-content\/uploads\/sites\/25\/2023\/01\/Mousse_1__David_Konecny-1-e1653913964372-1000x640-1.jpg\" alt=\"\" width=\"1000\" height=\"640\" srcset=\"https:\/\/ecole.ac-nice.fr\/carros\/fiori\/wp-content\/uploads\/sites\/25\/2023\/01\/Mousse_1__David_Konecny-1-e1653913964372-1000x640-1.jpg 1000w, https:\/\/ecole.ac-nice.fr\/carros\/fiori\/wp-content\/uploads\/sites\/25\/2023\/01\/Mousse_1__David_Konecny-1-e1653913964372-1000x640-1-300x192.jpg 300w, https:\/\/ecole.ac-nice.fr\/carros\/fiori\/wp-content\/uploads\/sites\/25\/2023\/01\/Mousse_1__David_Konecny-1-e1653913964372-1000x640-1-768x492.jpg 768w\" sizes=\"auto, (max-width: 1000px) 100vw, 1000px\" \/><\/a><\/p>\n<p><strong><em>Pr\u00e9sentation du spectacle : <\/em><\/strong><\/p>\n<p>Dans Mousse, il y aura un micro, des balles, un jardinier, une plante, un k-way de grand-m\u00e8re, France Gall et puis Barbara, des yeux ouverts, un coiffeur professionnel et un grand karaok\u00e9.\u00a0<b>Mousse est un spectacle d&rsquo;amiti\u00e9 entre Ga\u00eblle et Denis.<\/b>\u00a0<b>C&rsquo;est un spectacle de jonglerie intime et punk, triste et rigolo<\/b>.<\/p>\n<p><a href=\"http:\/\/ecole.ac-nice.fr\/carros\/fiori\/wp-content\/uploads\/sites\/25\/2023\/01\/mousse.jpg\"><img loading=\"lazy\" decoding=\"async\" class=\"alignnone size-full wp-image-1456\" src=\"http:\/\/ecole.ac-nice.fr\/carros\/fiori\/wp-content\/uploads\/sites\/25\/2023\/01\/mousse.jpg\" alt=\"\" width=\"1200\" height=\"514\" srcset=\"https:\/\/ecole.ac-nice.fr\/carros\/fiori\/wp-content\/uploads\/sites\/25\/2023\/01\/mousse.jpg 1200w, https:\/\/ecole.ac-nice.fr\/carros\/fiori\/wp-content\/uploads\/sites\/25\/2023\/01\/mousse-300x129.jpg 300w, https:\/\/ecole.ac-nice.fr\/carros\/fiori\/wp-content\/uploads\/sites\/25\/2023\/01\/mousse-1024x439.jpg 1024w, https:\/\/ecole.ac-nice.fr\/carros\/fiori\/wp-content\/uploads\/sites\/25\/2023\/01\/mousse-768x329.jpg 768w\" sizes=\"auto, (max-width: 1200px) 100vw, 1200px\" \/><\/a><\/p>\n","protected":false},"excerpt":{"rendered":"<p>Les \u00e9l\u00e8ves de CE1-CE2 auront l&rsquo;immense plaisir de d\u00e9couvrir le spectacle Mousse r\u00e9alis\u00e9 par la Cie Scratch le vendredi 05 mai \u00e0 14h30 \u00e0 la salle Juliette Gr\u00e9co. Ils prendront le bus \u00e0 14h et rentreront \u00e0 15h45 \u00e0 l&rsquo;\u00e9cole. Pr\u00e9sentation du spectacle : Dans Mousse, il y aura un micro, des balles, un jardinier, &hellip; <a href=\"https:\/\/ecole.ac-nice.fr\/carros\/fiori\/?p=1455\" class=\"more-link\">Continuer la lecture de <span class=\"screen-reader-text\">Spectacle \u00ab\u00a0Mousse\u00a0\u00bb<\/span> <span class=\"meta-nav\">&rarr;<\/span><\/a><\/p>\n","protected":false},"author":29,"featured_media":0,"comment_status":"closed","ping_status":"closed","sticky":false,"template":"","format":"chat","meta":{"footnotes":""},"categories":[1,12],"tags":[],"class_list":["post-1455","post","type-post","status-publish","format-chat","hentry","category-actualites-diverses","category-sorties","post_format-post-format-chat"],"_links":{"self":[{"href":"https:\/\/ecole.ac-nice.fr\/carros\/fiori\/index.php?rest_route=\/wp\/v2\/posts\/1455","targetHints":{"allow":["GET"]}}],"collection":[{"href":"https:\/\/ecole.ac-nice.fr\/carros\/fiori\/index.php?rest_route=\/wp\/v2\/posts"}],"about":[{"href":"https:\/\/ecole.ac-nice.fr\/carros\/fiori\/index.php?rest_route=\/wp\/v2\/types\/post"}],"author":[{"embeddable":true,"href":"https:\/\/ecole.ac-nice.fr\/carros\/fiori\/index.php?rest_route=\/wp\/v2\/users\/29"}],"replies":[{"embeddable":true,"href":"https:\/\/ecole.ac-nice.fr\/carros\/fiori\/index.php?rest_route=%2Fwp%2Fv2%2Fcomments&post=1455"}],"version-history":[{"count":1,"href":"https:\/\/ecole.ac-nice.fr\/carros\/fiori\/index.php?rest_route=\/wp\/v2\/posts\/1455\/revisions"}],"predecessor-version":[{"id":1458,"href":"https:\/\/ecole.ac-nice.fr\/carros\/fiori\/index.php?rest_route=\/wp\/v2\/posts\/1455\/revisions\/1458"}],"wp:attachment":[{"href":"https:\/\/ecole.ac-nice.fr\/carros\/fiori\/index.php?rest_route=%2Fwp%2Fv2%2Fmedia&parent=1455"}],"wp:term":[{"taxonomy":"category","embeddable":true,"href":"https:\/\/ecole.ac-nice.fr\/carros\/fiori\/index.php?rest_route=%2Fwp%2Fv2%2Fcategories&post=1455"},{"taxonomy":"post_tag","embeddable":true,"href":"https:\/\/ecole.ac-nice.fr\/carros\/fiori\/index.php?rest_route=%2Fwp%2Fv2%2Ftags&post=1455"}],"curies":[{"name":"wp","href":"https:\/\/api.w.org\/{rel}","templated":true}]}}