{"id":1374,"date":"2022-05-20T12:49:47","date_gmt":"2022-05-20T10:49:47","guid":{"rendered":"https:\/\/ecole.ac-nice.fr\/carros\/fiori\/?p=1374"},"modified":"2022-05-20T12:49:47","modified_gmt":"2022-05-20T10:49:47","slug":"sortie-a-st-cezaire-sur-siagne-le-vendredi-24-juin","status":"publish","type":"post","link":"https:\/\/ecole.ac-nice.fr\/carros\/fiori\/?p=1374","title":{"rendered":"Sortie \u00e0 St C\u00e9zaire sur Siagne le vendredi 24 juin"},"content":{"rendered":"<h5>Le vendredi 24 juin, tous les \u00e9l\u00e8ves de maternelle de l\u2019\u00e9cole Louis Fiori se rendront dans une ferme p\u00e9dagogique \u00e0 Saint C\u00e9zaire sur Siagne pour une journ\u00e9e fabuleuse.<\/h5>\n<p><a href=\"http:\/\/ecole.ac-nice.fr\/carros\/fiori\/wp-content\/uploads\/sites\/25\/2022\/05\/thumb_2479754468.jpg\"><img loading=\"lazy\" decoding=\"async\" class=\"alignnone size-full wp-image-1377\" src=\"http:\/\/ecole.ac-nice.fr\/carros\/fiori\/wp-content\/uploads\/sites\/25\/2022\/05\/thumb_2479754468.jpg\" alt=\"\" width=\"150\" height=\"114\" \/><\/a> <a href=\"http:\/\/ecole.ac-nice.fr\/carros\/fiori\/wp-content\/uploads\/sites\/25\/2022\/05\/thumb_2479754480.jpg\"><img loading=\"lazy\" decoding=\"async\" class=\"alignnone size-full wp-image-1378\" src=\"http:\/\/ecole.ac-nice.fr\/carros\/fiori\/wp-content\/uploads\/sites\/25\/2022\/05\/thumb_2479754480.jpg\" alt=\"\" width=\"112\" height=\"150\" \/><\/a> <a href=\"http:\/\/ecole.ac-nice.fr\/carros\/fiori\/wp-content\/uploads\/sites\/25\/2022\/05\/thumb_2479754484.jpg\"><img loading=\"lazy\" decoding=\"async\" class=\"alignnone size-full wp-image-1379\" src=\"http:\/\/ecole.ac-nice.fr\/carros\/fiori\/wp-content\/uploads\/sites\/25\/2022\/05\/thumb_2479754484.jpg\" alt=\"\" width=\"150\" height=\"84\" \/><\/a> <a href=\"http:\/\/ecole.ac-nice.fr\/carros\/fiori\/wp-content\/uploads\/sites\/25\/2022\/05\/thumb_2479754488.jpg\"><img loading=\"lazy\" decoding=\"async\" class=\"alignnone size-full wp-image-1380\" src=\"http:\/\/ecole.ac-nice.fr\/carros\/fiori\/wp-content\/uploads\/sites\/25\/2022\/05\/thumb_2479754488.jpg\" alt=\"\" width=\"112\" height=\"150\" \/><\/a><\/p>\n<h5>Le transport est pris en charge par<span style=\"color: #800080\"> la mairie de Carros<\/span> et l\u2019entr\u00e9e est offerte par<span style=\"color: #800080\"> l\u2019association des Pitchouns.<\/span> Les enfants devront venir en tenue sportive avec un sac \u00e0 dos contenant : le pique-nique, 1 gourde d\u2019eau, une casquette, la cr\u00e8me solaire, une serviette pour s\u2019asseoir, un go\u00fbter pour le matin et le soir. Attention \u00e0 bien tenir compte de la chaleur pour la pr\u00e9paration des aliments.<\/h5>\n<h5 style=\"text-align: center\"><span style=\"color: #800080\">Pr\u00e9sentation de la ferme<\/span><\/h5>\n<h5>La ferme p\u00e9dagogique Terre de Soleil recueille les animaux abandonn\u00e9s ne trouvant pas refuge dans les structures classiques. Des chevaux aux poules en passant par les cochons d&rsquo;inde et les perroquets, soit en ce moment <u><strong>plus de 160.<\/strong><\/u><\/h5>\n<h5>Des b\u00e9n\u00e9voles passionn\u00e9s y \u0153uvrent au quotidien pour accueillir et soigner ces animaux mais aussi pour sensibiliser le public \u00e0 un art de vivre plus respectueux de la nature et des \u00eatres vivants. Ils s&rsquo;engagent activement dans la protection animale et le d\u00e9veloppement durable.<\/h5>\n<h5>Au programme : visite guid\u00e9e des enclos, animation potager permaculture et semis.<\/h5>\n","protected":false},"excerpt":{"rendered":"<p>Le vendredi 24 juin, tous les \u00e9l\u00e8ves de maternelle de l\u2019\u00e9cole Louis Fiori se rendront dans une ferme p\u00e9dagogique \u00e0 Saint C\u00e9zaire sur Siagne pour une journ\u00e9e fabuleuse. Le transport est pris en charge par la mairie de Carros et l\u2019entr\u00e9e est offerte par l\u2019association des Pitchouns. Les enfants devront venir en tenue sportive avec &hellip; <a href=\"https:\/\/ecole.ac-nice.fr\/carros\/fiori\/?p=1374\" class=\"more-link\">Continuer la lecture de <span class=\"screen-reader-text\">Sortie \u00e0 St C\u00e9zaire sur Siagne le vendredi 24 juin<\/span> <span class=\"meta-nav\">&rarr;<\/span><\/a><\/p>\n","protected":false},"author":29,"featured_media":0,"comment_status":"closed","ping_status":"closed","sticky":false,"template":"","format":"chat","meta":{"footnotes":""},"categories":[1,12],"tags":[],"class_list":["post-1374","post","type-post","status-publish","format-chat","hentry","category-actualites-diverses","category-sorties","post_format-post-format-chat"],"_links":{"self":[{"href":"https:\/\/ecole.ac-nice.fr\/carros\/fiori\/index.php?rest_route=\/wp\/v2\/posts\/1374","targetHints":{"allow":["GET"]}}],"collection":[{"href":"https:\/\/ecole.ac-nice.fr\/carros\/fiori\/index.php?rest_route=\/wp\/v2\/posts"}],"about":[{"href":"https:\/\/ecole.ac-nice.fr\/carros\/fiori\/index.php?rest_route=\/wp\/v2\/types\/post"}],"author":[{"embeddable":true,"href":"https:\/\/ecole.ac-nice.fr\/carros\/fiori\/index.php?rest_route=\/wp\/v2\/users\/29"}],"replies":[{"embeddable":true,"href":"https:\/\/ecole.ac-nice.fr\/carros\/fiori\/index.php?rest_route=%2Fwp%2Fv2%2Fcomments&post=1374"}],"version-history":[{"count":2,"href":"https:\/\/ecole.ac-nice.fr\/carros\/fiori\/index.php?rest_route=\/wp\/v2\/posts\/1374\/revisions"}],"predecessor-version":[{"id":1381,"href":"https:\/\/ecole.ac-nice.fr\/carros\/fiori\/index.php?rest_route=\/wp\/v2\/posts\/1374\/revisions\/1381"}],"wp:attachment":[{"href":"https:\/\/ecole.ac-nice.fr\/carros\/fiori\/index.php?rest_route=%2Fwp%2Fv2%2Fmedia&parent=1374"}],"wp:term":[{"taxonomy":"category","embeddable":true,"href":"https:\/\/ecole.ac-nice.fr\/carros\/fiori\/index.php?rest_route=%2Fwp%2Fv2%2Fcategories&post=1374"},{"taxonomy":"post_tag","embeddable":true,"href":"https:\/\/ecole.ac-nice.fr\/carros\/fiori\/index.php?rest_route=%2Fwp%2Fv2%2Ftags&post=1374"}],"curies":[{"name":"wp","href":"https:\/\/api.w.org\/{rel}","templated":true}]}}