{"id":1318,"date":"2021-11-26T11:07:38","date_gmt":"2021-11-26T10:07:38","guid":{"rendered":"https:\/\/ecole.ac-nice.fr\/carros\/fiori\/?p=1318"},"modified":"2021-11-26T11:08:17","modified_gmt":"2021-11-26T10:08:17","slug":"1318","status":"publish","type":"post","link":"https:\/\/ecole.ac-nice.fr\/carros\/fiori\/?p=1318","title":{"rendered":"Ateliers artistiques"},"content":{"rendered":"<p>Les \u00e9l\u00e8ves de CE1-CE2, CE2-CM1 et CM1-CM2 auront la chance de participer \u00e0 un projet artistique en lien avec le projet municipal \u00ab\u00a0un arbre, en enfant\u00a0\u00bb avec l&rsquo;artiste Isabelle Varlet.<\/p>\n<p><a href=\"https:\/\/ecole.ac-nice.fr\/carros\/fiori\/wp-content\/uploads\/sites\/25\/2021\/11\/21079_artwork_da274d5631d8b69e932b607ffb668406.jpeg\"><img loading=\"lazy\" decoding=\"async\" class=\"alignnone size-full wp-image-1319\" src=\"https:\/\/ecole.ac-nice.fr\/carros\/fiori\/wp-content\/uploads\/sites\/25\/2021\/11\/21079_artwork_da274d5631d8b69e932b607ffb668406.jpeg\" alt=\"\" width=\"500\" height=\"700\" srcset=\"https:\/\/ecole.ac-nice.fr\/carros\/fiori\/wp-content\/uploads\/sites\/25\/2021\/11\/21079_artwork_da274d5631d8b69e932b607ffb668406.jpeg 500w, https:\/\/ecole.ac-nice.fr\/carros\/fiori\/wp-content\/uploads\/sites\/25\/2021\/11\/21079_artwork_da274d5631d8b69e932b607ffb668406-214x300.jpeg 214w\" sizes=\"auto, (max-width: 500px) 100vw, 500px\" \/><\/a><\/p>\n<p><span dir=\"ltr\" role=\"presentation\">Isabelle Varlet est une artiste plasticienne qui, \u00e0 travers le sujet du sol et du <\/span><br role=\"presentation\" \/><span dir=\"ltr\" role=\"presentation\">v\u00e9g\u00e9tal, s\u2019int\u00e9resse \u00e0 notre rapport \u00e0 la nature et \u00e0 notre inscription dans le <\/span><br role=\"presentation\" \/><span dir=\"ltr\" role=\"presentation\">cycle du vivant.<\/span><br role=\"presentation\" \/><span dir=\"ltr\" role=\"presentation\">Au cours des ateliers, il s\u2019agira tant d\u2019explorer la biodiversit\u00e9 locale que le <\/span><br role=\"presentation\" \/><span dir=\"ltr\" role=\"presentation\">rapport intime que les enfants entretiennent avec leur environnement naturel.<\/span><br role=\"presentation\" \/><span dir=\"ltr\" role=\"presentation\">Par des s\u00e9ances en ext\u00e9rieur et en classe, les enfants aborderont le dessin sous <\/span><br role=\"presentation\" \/><span dir=\"ltr\" role=\"presentation\">plusieurs aspects : dessin d\u2019observation, dessin d\u2019imagination, dessin expressif, <\/span><br role=\"presentation\" \/><span dir=\"ltr\" role=\"presentation\">proc\u00e9d\u00e9s d\u2019empreintes.<\/span><br role=\"presentation\" \/><span dir=\"ltr\" role=\"presentation\">Ce sera aussi pour eux l\u2019occasion de d\u00e9couvrir un mat\u00e9riau qui remonte aux <\/span><br role=\"presentation\" \/><span dir=\"ltr\" role=\"presentation\">origines de l\u2019art : le fusain, et de se familiariser avec l\u2019illustration naturaliste.<\/span><\/p>\n<p style=\"text-align: center\"><em><strong>Organisation :<\/strong><\/em><\/p>\n<p><strong>Ateliers en classe<\/strong><\/p>\n<p><strong><u>S\u00e9ance 1 (2 heures)\u00a0:<\/u><\/strong> Apport th\u00e9orique sur l\u2019origine du fusain utilis\u00e9 d\u00e8s la pr\u00e9histoire (grotte Chauvet).<\/p>\n<p><span dir=\"ltr\" role=\"presentation\">Vivre l\u2019histoire du cycle d\u2019une for\u00eat (croissance, destruction,<\/span><br role=\"presentation\" \/><span dir=\"ltr\" role=\"presentation\">r\u00e9g\u00e9n\u00e9rescence) le temps d\u2019un dessin, en utilisant le fusain, mat\u00e9riau propice<\/span><br role=\"presentation\" \/><span dir=\"ltr\" role=\"presentation\">aux proc\u00e9d\u00e9s d\u2019effacement, recouvrement, traces.<\/span><\/p>\n<p><strong><u>S\u00e9ance 2 (2 heures)\u00a0:<\/u><\/strong> <span dir=\"ltr\" role=\"presentation\">D\u00e9couvrir les organismes saproxyliques (mousses, lichens, champignons, <\/span><span dir=\"ltr\" role=\"presentation\">insectes, etc ), inventer de nouveaux organismes loufoques aux supers <\/span><br role=\"presentation\" \/><span dir=\"ltr\" role=\"presentation\">pouvoirs et les dessiner avec des crayons aquarellables en s\u2019appropriant les <\/span><br role=\"presentation\" \/><span dir=\"ltr\" role=\"presentation\">codes de l\u2019iconographie naturaliste.<\/span><\/p>\n<p><strong>Ateliers en ext\u00e9rieur<\/strong><\/p>\n<p><strong><u>S\u00e9ance 3\u00a0(2 heures) :<\/u><\/strong> <span dir=\"ltr\" role=\"presentation\">Cueillette pour faire des empreintes de v\u00e9g\u00e9taux pouvant donner lieu \u00e0 la <\/span><span dir=\"ltr\" role=\"presentation\">r\u00e9alisation d\u2019un herbier. Utilisation du fusain liquide.<\/span><\/p>\n<p><strong><u>S\u00e9ance 4 (2 heures)\u00a0:<\/u><\/strong> Sortie sur la zone de reforestation ou en pleine for\u00eat. Travail avec un \u00ab\u00a0cahier de jeux\u00a0\u00bb \u00e0 dessiner\u00a0: observation de feuilles et dessins, repr\u00e9sentations du paysage, ressenti des \u00e9motions exprim\u00e9 par le dessin\u2026 Outil utilis\u00e9\u00a0: crayon HB.<\/p>\n<table>\n<tbody>\n<tr>\n<td colspan=\"4\" width=\"614\"><strong>Calendrier des interventions qui se d\u00e9roulent de 14h \u00e0 16h<\/strong><\/td>\n<\/tr>\n<tr>\n<td width=\"154\"><\/td>\n<td width=\"154\"><strong>CE1\/CE2<\/strong><\/td>\n<td width=\"154\"><strong>CE2\/CM1<\/strong><\/td>\n<td width=\"154\"><strong>CM1-CM2<\/strong><\/td>\n<\/tr>\n<tr>\n<td width=\"154\"><strong>S1<\/strong><\/td>\n<td width=\"154\">Vendredi 14.01.22<\/td>\n<td width=\"154\">Mardi 11.01.22<\/td>\n<td width=\"154\">Jeudi 13.01.22<\/td>\n<\/tr>\n<tr>\n<td width=\"154\"><strong>S2<\/strong><\/td>\n<td width=\"154\">Vendredi 04.03.22<\/td>\n<td width=\"154\">Jeudi 03.03.22<\/td>\n<td width=\"154\">Mardi 01.03.22<\/td>\n<\/tr>\n<tr>\n<td width=\"154\"><strong>S3<\/strong><\/td>\n<td width=\"154\">Vendredi 08.04.22<\/td>\n<td width=\"154\">Jeudi 07.04.22<\/td>\n<td width=\"154\">Mardi 05.04.22<\/td>\n<\/tr>\n<tr>\n<td width=\"154\"><strong>S4<\/strong><\/td>\n<td width=\"154\">Vendredi 06.05.22<\/td>\n<td width=\"154\">Jeudi 05.05.22<\/td>\n<td width=\"154\">Mardi 03.05.22<\/td>\n<\/tr>\n<\/tbody>\n<\/table>\n<p>&nbsp;<\/p>\n","protected":false},"excerpt":{"rendered":"<p>Les \u00e9l\u00e8ves de CE1-CE2, CE2-CM1 et CM1-CM2 auront la chance de participer \u00e0 un projet artistique en lien avec le projet municipal \u00ab\u00a0un arbre, en enfant\u00a0\u00bb avec l&rsquo;artiste Isabelle Varlet. Isabelle Varlet est une artiste plasticienne qui, \u00e0 travers le sujet du sol et du v\u00e9g\u00e9tal, s\u2019int\u00e9resse \u00e0 notre rapport \u00e0 la nature et \u00e0 &hellip; <a href=\"https:\/\/ecole.ac-nice.fr\/carros\/fiori\/?p=1318\" class=\"more-link\">Continuer la lecture de <span class=\"screen-reader-text\">Ateliers artistiques<\/span> <span class=\"meta-nav\">&rarr;<\/span><\/a><\/p>\n","protected":false},"author":29,"featured_media":0,"comment_status":"closed","ping_status":"closed","sticky":false,"template":"","format":"chat","meta":{"footnotes":""},"categories":[1,12],"tags":[],"class_list":["post-1318","post","type-post","status-publish","format-chat","hentry","category-actualites-diverses","category-sorties","post_format-post-format-chat"],"_links":{"self":[{"href":"https:\/\/ecole.ac-nice.fr\/carros\/fiori\/index.php?rest_route=\/wp\/v2\/posts\/1318","targetHints":{"allow":["GET"]}}],"collection":[{"href":"https:\/\/ecole.ac-nice.fr\/carros\/fiori\/index.php?rest_route=\/wp\/v2\/posts"}],"about":[{"href":"https:\/\/ecole.ac-nice.fr\/carros\/fiori\/index.php?rest_route=\/wp\/v2\/types\/post"}],"author":[{"embeddable":true,"href":"https:\/\/ecole.ac-nice.fr\/carros\/fiori\/index.php?rest_route=\/wp\/v2\/users\/29"}],"replies":[{"embeddable":true,"href":"https:\/\/ecole.ac-nice.fr\/carros\/fiori\/index.php?rest_route=%2Fwp%2Fv2%2Fcomments&post=1318"}],"version-history":[{"count":2,"href":"https:\/\/ecole.ac-nice.fr\/carros\/fiori\/index.php?rest_route=\/wp\/v2\/posts\/1318\/revisions"}],"predecessor-version":[{"id":1321,"href":"https:\/\/ecole.ac-nice.fr\/carros\/fiori\/index.php?rest_route=\/wp\/v2\/posts\/1318\/revisions\/1321"}],"wp:attachment":[{"href":"https:\/\/ecole.ac-nice.fr\/carros\/fiori\/index.php?rest_route=%2Fwp%2Fv2%2Fmedia&parent=1318"}],"wp:term":[{"taxonomy":"category","embeddable":true,"href":"https:\/\/ecole.ac-nice.fr\/carros\/fiori\/index.php?rest_route=%2Fwp%2Fv2%2Fcategories&post=1318"},{"taxonomy":"post_tag","embeddable":true,"href":"https:\/\/ecole.ac-nice.fr\/carros\/fiori\/index.php?rest_route=%2Fwp%2Fv2%2Ftags&post=1318"}],"curies":[{"name":"wp","href":"https:\/\/api.w.org\/{rel}","templated":true}]}}