{"id":1313,"date":"2021-11-26T10:53:22","date_gmt":"2021-11-26T09:53:22","guid":{"rendered":"https:\/\/ecole.ac-nice.fr\/carros\/fiori\/?p=1313"},"modified":"2021-11-26T10:58:00","modified_gmt":"2021-11-26T09:58:00","slug":"visite-et-ateliers-au-ciac","status":"publish","type":"post","link":"https:\/\/ecole.ac-nice.fr\/carros\/fiori\/?p=1313","title":{"rendered":"Visite et ateliers au CIAC"},"content":{"rendered":"<p>Les \u00e9l\u00e8ves d&rsquo;\u00e9l\u00e9mentaire de l&rsquo;\u00e9cole Louis Fiori auront le privil\u00e8ge de d\u00e9couvrir le travail d&rsquo;Alexandre Capan et de participer \u00e0 des ateliers artistiques.<\/p>\n<p style=\"text-align: center\"><strong>Calendrier des interventions :<\/strong><\/p>\n<p><u>Mardi 30 novembre de 14h \u00e0 16h30\u00a0:<\/u> Visite\/atelier du CIAC.<strong> CP<\/strong><\/p>\n<p><u>Lundi 6 d\u00e9cembre de 14h \u00e0 16h30\u00a0:<\/u> Visite\/atelier du CIAC.<strong> CM1-CM2<\/strong><\/p>\n<p><u>Mardi 7 d\u00e9cembre de 14h \u00e0 16h30\u00a0:<\/u> Visite\/atelier du CIAC.<strong> CE1-CE2<\/strong><\/p>\n<p><u>Mardi 14 d\u00e9cembre de 14h \u00e0 16h30\u00a0:<\/u> Visite\/atelier du CIAC.<strong> CE2-CM1<\/strong><\/p>\n<p><a href=\"https:\/\/ecole.ac-nice.fr\/carros\/fiori\/wp-content\/uploads\/sites\/25\/2021\/11\/telechargement-1.jpg\"><img loading=\"lazy\" decoding=\"async\" class=\"alignnone size-full wp-image-1314\" src=\"https:\/\/ecole.ac-nice.fr\/carros\/fiori\/wp-content\/uploads\/sites\/25\/2021\/11\/telechargement-1.jpg\" alt=\"\" width=\"275\" height=\"183\" \/><\/a> <a href=\"https:\/\/ecole.ac-nice.fr\/carros\/fiori\/wp-content\/uploads\/sites\/25\/2021\/11\/Capan-compresse-4-455x455-1.jpg\"><img loading=\"lazy\" decoding=\"async\" class=\"alignnone size-full wp-image-1315\" src=\"https:\/\/ecole.ac-nice.fr\/carros\/fiori\/wp-content\/uploads\/sites\/25\/2021\/11\/Capan-compresse-4-455x455-1.jpg\" alt=\"\" width=\"455\" height=\"455\" srcset=\"https:\/\/ecole.ac-nice.fr\/carros\/fiori\/wp-content\/uploads\/sites\/25\/2021\/11\/Capan-compresse-4-455x455-1.jpg 455w, https:\/\/ecole.ac-nice.fr\/carros\/fiori\/wp-content\/uploads\/sites\/25\/2021\/11\/Capan-compresse-4-455x455-1-300x300.jpg 300w, https:\/\/ecole.ac-nice.fr\/carros\/fiori\/wp-content\/uploads\/sites\/25\/2021\/11\/Capan-compresse-4-455x455-1-150x150.jpg 150w\" sizes=\"auto, (max-width: 455px) 100vw, 455px\" \/><\/a><\/p>\n<p><span dir=\"ltr\" role=\"presentation\">Education \u00e0 l&rsquo;image<\/span><\/p>\n<p><span dir=\"ltr\" role=\"presentation\">ARTS VISUELS<\/span><\/p>\n<p><br role=\"presentation\" \/><span dir=\"ltr\" role=\"presentation\">Dans le travail d\u2019Alexandre Capan, le processus de cr\u00e9ation est bas\u00e9 <\/span><br role=\"presentation\" \/><span dir=\"ltr\" role=\"presentation\">sur une interconnexion entre temps, r\u00e9p\u00e9tition, hasard, m\u00e9moire et <\/span><br role=\"presentation\" \/><span dir=\"ltr\" role=\"presentation\">d\u00e9formation.<\/span><br role=\"presentation\" \/><span dir=\"ltr\" role=\"presentation\">Ses \u0153uvres traduisent, par une approche empirique de la cr\u00e9ation, le <\/span><br role=\"presentation\" \/><span dir=\"ltr\" role=\"presentation\">rapport que l\u2019artiste entretient avec la formation de l\u2019image et sa n\u00e9cessaire <\/span><br role=\"presentation\" \/><span dir=\"ltr\" role=\"presentation\">inscription dans le temps par la pratique de m\u00e9dias allant du dessin \u00e0 la <\/span><br role=\"presentation\" \/><span dir=\"ltr\" role=\"presentation\">vid\u00e9o. Partant du r\u00e9el, Alexandre Capan entra\u00eene ainsi le spectateur dans <\/span><br role=\"presentation\" \/><span dir=\"ltr\" role=\"presentation\">un voyage initiatique l\u2019invitant \u00e0 se d\u00e9tacher de son rapport traditionnel <\/span><br role=\"presentation\" \/><span dir=\"ltr\" role=\"presentation\">au paysage et au temps pour mieux en saisir la richesse par la dispersion <\/span><br role=\"presentation\" \/><span dir=\"ltr\" role=\"presentation\">de l\u2019image.<\/span><br role=\"presentation\" \/><span dir=\"ltr\" role=\"presentation\">Travers\u00e9s par l\u2019id\u00e9e du geste et de la mati\u00e8re picturale, les parcours ainsi <\/span><br role=\"presentation\" \/><span dir=\"ltr\" role=\"presentation\">propos\u00e9s invitent les visiteurs \u00e0 exp\u00e9rimenter la modification progressive <\/span><br role=\"presentation\" \/><span dir=\"ltr\" role=\"presentation\">d\u2019une image depuis sa simple perception jusqu\u2019\u00e0 sa retranscription <\/span><br role=\"presentation\" \/><span dir=\"ltr\" role=\"presentation\">plastique. Cette approche traduit une conception particuli\u00e8re de la <\/span><br role=\"presentation\" \/><span dir=\"ltr\" role=\"presentation\">peinture, dans laquelle geste, mati\u00e8re et exp\u00e9rimentation du temps sont <\/span><br role=\"presentation\" \/><span dir=\"ltr\" role=\"presentation\">essentiels.<\/span><\/p>\n","protected":false},"excerpt":{"rendered":"<p>Les \u00e9l\u00e8ves d&rsquo;\u00e9l\u00e9mentaire de l&rsquo;\u00e9cole Louis Fiori auront le privil\u00e8ge de d\u00e9couvrir le travail d&rsquo;Alexandre Capan et de participer \u00e0 des ateliers artistiques. Calendrier des interventions : Mardi 30 novembre de 14h \u00e0 16h30\u00a0: Visite\/atelier du CIAC. CP Lundi 6 d\u00e9cembre de 14h \u00e0 16h30\u00a0: Visite\/atelier du CIAC. CM1-CM2 Mardi 7 d\u00e9cembre de 14h \u00e0 &hellip; <a href=\"https:\/\/ecole.ac-nice.fr\/carros\/fiori\/?p=1313\" class=\"more-link\">Continuer la lecture de <span class=\"screen-reader-text\">Visite et ateliers au CIAC<\/span> <span class=\"meta-nav\">&rarr;<\/span><\/a><\/p>\n","protected":false},"author":29,"featured_media":0,"comment_status":"closed","ping_status":"closed","sticky":false,"template":"","format":"gallery","meta":{"footnotes":""},"categories":[1,12],"tags":[],"class_list":["post-1313","post","type-post","status-publish","format-gallery","hentry","category-actualites-diverses","category-sorties","post_format-post-format-gallery"],"_links":{"self":[{"href":"https:\/\/ecole.ac-nice.fr\/carros\/fiori\/index.php?rest_route=\/wp\/v2\/posts\/1313","targetHints":{"allow":["GET"]}}],"collection":[{"href":"https:\/\/ecole.ac-nice.fr\/carros\/fiori\/index.php?rest_route=\/wp\/v2\/posts"}],"about":[{"href":"https:\/\/ecole.ac-nice.fr\/carros\/fiori\/index.php?rest_route=\/wp\/v2\/types\/post"}],"author":[{"embeddable":true,"href":"https:\/\/ecole.ac-nice.fr\/carros\/fiori\/index.php?rest_route=\/wp\/v2\/users\/29"}],"replies":[{"embeddable":true,"href":"https:\/\/ecole.ac-nice.fr\/carros\/fiori\/index.php?rest_route=%2Fwp%2Fv2%2Fcomments&post=1313"}],"version-history":[{"count":2,"href":"https:\/\/ecole.ac-nice.fr\/carros\/fiori\/index.php?rest_route=\/wp\/v2\/posts\/1313\/revisions"}],"predecessor-version":[{"id":1317,"href":"https:\/\/ecole.ac-nice.fr\/carros\/fiori\/index.php?rest_route=\/wp\/v2\/posts\/1313\/revisions\/1317"}],"wp:attachment":[{"href":"https:\/\/ecole.ac-nice.fr\/carros\/fiori\/index.php?rest_route=%2Fwp%2Fv2%2Fmedia&parent=1313"}],"wp:term":[{"taxonomy":"category","embeddable":true,"href":"https:\/\/ecole.ac-nice.fr\/carros\/fiori\/index.php?rest_route=%2Fwp%2Fv2%2Fcategories&post=1313"},{"taxonomy":"post_tag","embeddable":true,"href":"https:\/\/ecole.ac-nice.fr\/carros\/fiori\/index.php?rest_route=%2Fwp%2Fv2%2Ftags&post=1313"}],"curies":[{"name":"wp","href":"https:\/\/api.w.org\/{rel}","templated":true}]}}