{"id":1302,"date":"2021-11-12T15:15:14","date_gmt":"2021-11-12T14:15:14","guid":{"rendered":"https:\/\/ecole.ac-nice.fr\/carros\/fiori\/?p=1302"},"modified":"2021-11-12T15:15:14","modified_gmt":"2021-11-12T14:15:14","slug":"prevention-dentaire","status":"publish","type":"post","link":"https:\/\/ecole.ac-nice.fr\/carros\/fiori\/?p=1302","title":{"rendered":"Pr\u00e9vention dentaire"},"content":{"rendered":"<p>Dans le cadre du parcours sant\u00e9 et en partenariat avec l&rsquo;Agence R\u00e9gionale de Sant\u00e9 et l&rsquo;USFBD06, une intervention est pr\u00e9vue dans <strong>les classes de CP et CM1-CM2 le 9 d\u00e9cembre.<\/strong><\/p>\n<p>Chaque enfant de ces classes participera dans le cadre des activit\u00e9s scolaires \u00e0 une s\u00e9ance de sensibilisation \u00e0 la sant\u00e9 dentaire r\u00e9alis\u00e9e par un dentiste de l&rsquo;Union Fran\u00e7aise pour la Sant\u00e9 Bucco-Dentaire.<\/p>\n<p>A la suite, un entretien individuel (sur autorisation des parents) est pr\u00e9vu au cours duquel le dentiste pourra examiner gratuitement chaque enfant afin de d\u00e9pister des caries ou des probl\u00e8mes dentaires.<\/p>\n<p><a href=\"https:\/\/ecole.ac-nice.fr\/carros\/fiori\/wp-content\/uploads\/sites\/25\/2021\/11\/manifeste-ufsbd-696x313-1.jpg\"><img loading=\"lazy\" decoding=\"async\" class=\"alignnone size-full wp-image-1303\" src=\"https:\/\/ecole.ac-nice.fr\/carros\/fiori\/wp-content\/uploads\/sites\/25\/2021\/11\/manifeste-ufsbd-696x313-1.jpg\" alt=\"\" width=\"480\" height=\"216\" srcset=\"https:\/\/ecole.ac-nice.fr\/carros\/fiori\/wp-content\/uploads\/sites\/25\/2021\/11\/manifeste-ufsbd-696x313-1.jpg 480w, https:\/\/ecole.ac-nice.fr\/carros\/fiori\/wp-content\/uploads\/sites\/25\/2021\/11\/manifeste-ufsbd-696x313-1-300x135.jpg 300w\" sizes=\"auto, (max-width: 480px) 100vw, 480px\" \/><\/a><\/p>\n","protected":false},"excerpt":{"rendered":"<p>Dans le cadre du parcours sant\u00e9 et en partenariat avec l&rsquo;Agence R\u00e9gionale de Sant\u00e9 et l&rsquo;USFBD06, une intervention est pr\u00e9vue dans les classes de CP et CM1-CM2 le 9 d\u00e9cembre. Chaque enfant de ces classes participera dans le cadre des activit\u00e9s scolaires \u00e0 une s\u00e9ance de sensibilisation \u00e0 la sant\u00e9 dentaire r\u00e9alis\u00e9e par un dentiste &hellip; <a href=\"https:\/\/ecole.ac-nice.fr\/carros\/fiori\/?p=1302\" class=\"more-link\">Continuer la lecture de <span class=\"screen-reader-text\">Pr\u00e9vention dentaire<\/span> <span class=\"meta-nav\">&rarr;<\/span><\/a><\/p>\n","protected":false},"author":29,"featured_media":0,"comment_status":"closed","ping_status":"open","sticky":false,"template":"","format":"gallery","meta":{"footnotes":""},"categories":[1],"tags":[],"class_list":["post-1302","post","type-post","status-publish","format-gallery","hentry","category-actualites-diverses","post_format-post-format-gallery"],"_links":{"self":[{"href":"https:\/\/ecole.ac-nice.fr\/carros\/fiori\/index.php?rest_route=\/wp\/v2\/posts\/1302","targetHints":{"allow":["GET"]}}],"collection":[{"href":"https:\/\/ecole.ac-nice.fr\/carros\/fiori\/index.php?rest_route=\/wp\/v2\/posts"}],"about":[{"href":"https:\/\/ecole.ac-nice.fr\/carros\/fiori\/index.php?rest_route=\/wp\/v2\/types\/post"}],"author":[{"embeddable":true,"href":"https:\/\/ecole.ac-nice.fr\/carros\/fiori\/index.php?rest_route=\/wp\/v2\/users\/29"}],"replies":[{"embeddable":true,"href":"https:\/\/ecole.ac-nice.fr\/carros\/fiori\/index.php?rest_route=%2Fwp%2Fv2%2Fcomments&post=1302"}],"version-history":[{"count":1,"href":"https:\/\/ecole.ac-nice.fr\/carros\/fiori\/index.php?rest_route=\/wp\/v2\/posts\/1302\/revisions"}],"predecessor-version":[{"id":1304,"href":"https:\/\/ecole.ac-nice.fr\/carros\/fiori\/index.php?rest_route=\/wp\/v2\/posts\/1302\/revisions\/1304"}],"wp:attachment":[{"href":"https:\/\/ecole.ac-nice.fr\/carros\/fiori\/index.php?rest_route=%2Fwp%2Fv2%2Fmedia&parent=1302"}],"wp:term":[{"taxonomy":"category","embeddable":true,"href":"https:\/\/ecole.ac-nice.fr\/carros\/fiori\/index.php?rest_route=%2Fwp%2Fv2%2Fcategories&post=1302"},{"taxonomy":"post_tag","embeddable":true,"href":"https:\/\/ecole.ac-nice.fr\/carros\/fiori\/index.php?rest_route=%2Fwp%2Fv2%2Ftags&post=1302"}],"curies":[{"name":"wp","href":"https:\/\/api.w.org\/{rel}","templated":true}]}}