{"id":1300,"date":"2021-11-12T14:49:30","date_gmt":"2021-11-12T13:49:30","guid":{"rendered":"https:\/\/ecole.ac-nice.fr\/carros\/fiori\/?p=1300"},"modified":"2021-11-12T14:53:24","modified_gmt":"2021-11-12T13:53:24","slug":"le-bon-usage-des-ecrans","status":"publish","type":"post","link":"https:\/\/ecole.ac-nice.fr\/carros\/fiori\/?p=1300","title":{"rendered":"Le bon usage des \u00e9crans"},"content":{"rendered":"<p>Dans le cadre des actions de pr\u00e9vention mis en place par <strong>la Mutualit\u00e9 Fran\u00e7aise<\/strong> et gr\u00e2ce \u00e0 <strong>l\u2019Agence R\u00e9gionale de Sant\u00e9<\/strong>, des interventions auront lieu en CE1-CE2, CE2-CM1 et CM1-CM2.<\/p>\n<p>La Mutualit\u00e9 Fran\u00e7aise qui \u0153uvre pour la pr\u00e9vention, la promotion de la sant\u00e9 ainsi qu\u2019\u00e0 l\u2019acc\u00e8s \u00e0 l\u2019information d\u00e8s le plus jeune \u00e2ge souhaite aujourd\u2019hui travailler sur une th\u00e9matique qui lui semble importante et d\u2019actualit\u00e9\u00a0; celle du <strong>bon usage des \u00e9crans<\/strong>.<\/p>\n<p>Pour ce faire, les interventions se d\u00e9rouleront sous formes de 3 modules sur +\/- 1h (1 module par semaine, sur chaque classe d\u2019un m\u00eame niveau)<\/p>\n<p>&#8211;\u00a0\u00a0\u00a0\u00a0\u00a0\u00a0 <strong><u>Le module num\u00e9ro 1<\/u><\/strong> traite du sommeil afin de faire comprendre aux \u00e9l\u00e8ves son importance et ce qui peut lui nuire.<\/p>\n<p>&#8211;\u00a0\u00a0\u00a0\u00a0\u00a0\u00a0 <strong><u>Le module num\u00e9ro 2<\/u><\/strong> traite de l\u2019usage que les \u00e9l\u00e8ves font des \u00e9crans et permet un d\u00e9bat qui sert ensuite \u00e0 d\u00e9terminer les solutions possibles pour un meilleur usage des \u00e9crans.<\/p>\n<p>&#8211;\u00a0\u00a0\u00a0\u00a0\u00a0\u00a0 <strong><u>Le module num\u00e9ro 3<\/u><\/strong> traite du th\u00e8me des \u00e9motions pour permettre aux \u00e9l\u00e8ves d\u2019apprendre \u00e0 identifier les diff\u00e9rentes \u00e9motions ressenties faces \u00e0 des situations de la vie quotidienne et ainsi pouvoir mieux les g\u00e9rer.<\/p>\n<p>Chaque module est anim\u00e9 par un(e) animatrice(eur) form\u00e9(e) de la Mutualit\u00e9 Fran\u00e7aise. Le format interactif de l\u2019intervention\u00a0: coloriages, quizz, d\u00e9bats, \u00e9changes, permet le d\u00e9veloppement des comp\u00e9tences psychosociales de l\u2019\u00e9l\u00e8ve.<\/p>\n<p>Voici le calendrier pr\u00e9visionnel :<\/p>\n<p><u>Jeudi 10 mars : Module 1<\/u><\/p>\n<p><u>Jeudi 17 mars : Module 2<\/u><\/p>\n<p><u>Jeudi 24 mars\u00a0: <\/u>Module 3<\/p>\n<div class=\"entry-content\">\n<p><img loading=\"lazy\" decoding=\"async\" class=\"\" src=\"https:\/\/i0.wp.com\/www.mon-enfant-et-les-ecrans.fr\/wp-content\/uploads\/2019\/01\/image_article_contenu_choquant.png?resize=1200%2C500&amp;ssl=1\" alt=\"Les contenus choquants\" width=\"352\" height=\"147\" \/><\/p>\n<\/div>\n","protected":false},"excerpt":{"rendered":"<p>Dans le cadre des actions de pr\u00e9vention mis en place par la Mutualit\u00e9 Fran\u00e7aise et gr\u00e2ce \u00e0 l\u2019Agence R\u00e9gionale de Sant\u00e9, des interventions auront lieu en CE1-CE2, CE2-CM1 et CM1-CM2. La Mutualit\u00e9 Fran\u00e7aise qui \u0153uvre pour la pr\u00e9vention, la promotion de la sant\u00e9 ainsi qu\u2019\u00e0 l\u2019acc\u00e8s \u00e0 l\u2019information d\u00e8s le plus jeune \u00e2ge souhaite aujourd\u2019hui &hellip; <a href=\"https:\/\/ecole.ac-nice.fr\/carros\/fiori\/?p=1300\" class=\"more-link\">Continuer la lecture de <span class=\"screen-reader-text\">Le bon usage des \u00e9crans<\/span> <span class=\"meta-nav\">&rarr;<\/span><\/a><\/p>\n","protected":false},"author":29,"featured_media":0,"comment_status":"closed","ping_status":"open","sticky":false,"template":"","format":"video","meta":{"footnotes":""},"categories":[1,65],"tags":[],"class_list":["post-1300","post","type-post","status-publish","format-video","hentry","category-actualites-diverses","category-proteger-ses-enfants-des-ecrans","post_format-post-format-video"],"_links":{"self":[{"href":"https:\/\/ecole.ac-nice.fr\/carros\/fiori\/index.php?rest_route=\/wp\/v2\/posts\/1300","targetHints":{"allow":["GET"]}}],"collection":[{"href":"https:\/\/ecole.ac-nice.fr\/carros\/fiori\/index.php?rest_route=\/wp\/v2\/posts"}],"about":[{"href":"https:\/\/ecole.ac-nice.fr\/carros\/fiori\/index.php?rest_route=\/wp\/v2\/types\/post"}],"author":[{"embeddable":true,"href":"https:\/\/ecole.ac-nice.fr\/carros\/fiori\/index.php?rest_route=\/wp\/v2\/users\/29"}],"replies":[{"embeddable":true,"href":"https:\/\/ecole.ac-nice.fr\/carros\/fiori\/index.php?rest_route=%2Fwp%2Fv2%2Fcomments&post=1300"}],"version-history":[{"count":1,"href":"https:\/\/ecole.ac-nice.fr\/carros\/fiori\/index.php?rest_route=\/wp\/v2\/posts\/1300\/revisions"}],"predecessor-version":[{"id":1301,"href":"https:\/\/ecole.ac-nice.fr\/carros\/fiori\/index.php?rest_route=\/wp\/v2\/posts\/1300\/revisions\/1301"}],"wp:attachment":[{"href":"https:\/\/ecole.ac-nice.fr\/carros\/fiori\/index.php?rest_route=%2Fwp%2Fv2%2Fmedia&parent=1300"}],"wp:term":[{"taxonomy":"category","embeddable":true,"href":"https:\/\/ecole.ac-nice.fr\/carros\/fiori\/index.php?rest_route=%2Fwp%2Fv2%2Fcategories&post=1300"},{"taxonomy":"post_tag","embeddable":true,"href":"https:\/\/ecole.ac-nice.fr\/carros\/fiori\/index.php?rest_route=%2Fwp%2Fv2%2Ftags&post=1300"}],"curies":[{"name":"wp","href":"https:\/\/api.w.org\/{rel}","templated":true}]}}