{"id":1298,"date":"2021-11-12T14:42:23","date_gmt":"2021-11-12T13:42:23","guid":{"rendered":"https:\/\/ecole.ac-nice.fr\/carros\/fiori\/?p=1298"},"modified":"2022-02-25T11:18:52","modified_gmt":"2022-02-25T10:18:52","slug":"mediatheque","status":"publish","type":"post","link":"https:\/\/ecole.ac-nice.fr\/carros\/fiori\/?p=1298","title":{"rendered":"M\u00e9diath\u00e8que"},"content":{"rendered":"<p>Dans le cadre du PAE mis en place par les enseignantes, les \u00e9l\u00e8ves de maternelle se rendront en bus \u00e0 la m\u00e9diath\u00e8que selon le calendrier suivant :<\/p>\n<p><strong>Lecture :<\/strong><\/p>\n<p class=\"yiv2534781675msonormal\"><u><span style=\"font-size: 11.0pt\">Jeudi 13 janvier \u00e0 10h45\u00a0:<\/span><\/u><span style=\"font-size: 11.0pt\"> classe de PS-MS de Mme Vaysette<\/span><\/p>\n<p class=\"yiv2534781675msonormal\"><u><span style=\"font-size: 11.0pt\">Vendredi 14 janvier \u00e0 10h45\u00a0:<\/span><\/u><span style=\"font-size: 11.0pt\"> classe de MS-GS de Mme Lopez<\/span><\/p>\n<p><strong>En autonomie :<\/strong><\/p>\n<p class=\"yiv2534781675msonormal\"><u><span style=\"font-size: 11.0pt\">Jeudi 17 mars \u00e0 9h30\u00a0:<\/span><\/u><span style=\"font-size: 11.0pt\"> classe de PS-MS de Mme Vaysette<\/span><\/p>\n<p class=\"yiv2534781675msonormal\"><u><span style=\"font-size: 11.0pt\">Jeudi 24 mars \u00e0 9h30\u00a0:<\/span><\/u><span style=\"font-size: 11.0pt\"> classe de MS-GS de Mme Lopez<u><\/u><\/span><\/p>\n<p><a href=\"https:\/\/ecole.ac-nice.fr\/carros\/fiori\/wp-content\/uploads\/sites\/25\/2018\/10\/M\u00e9diath\u00e8que.jpg\"><img loading=\"lazy\" decoding=\"async\" class=\"alignnone size-full wp-image-500\" src=\"https:\/\/ecole.ac-nice.fr\/carros\/fiori\/wp-content\/uploads\/sites\/25\/2018\/10\/M\u00e9diath\u00e8que.jpg\" alt=\"\" width=\"183\" height=\"275\" \/><\/a><\/p>\n<p>Les \u00e9l\u00e8ves de MS-GS pourront aussi d\u00e9couvrir le centre AnimaceNice Jango Reinhardt le 8 mars 2022 au matin.<\/p>\n<p><a href=\"https:\/\/ecole.ac-nice.fr\/carros\/fiori\/wp-content\/uploads\/sites\/25\/2021\/11\/thumb_83_paysage_big.jpg\"><img loading=\"lazy\" decoding=\"async\" class=\"alignnone size-full wp-image-1337\" src=\"https:\/\/ecole.ac-nice.fr\/carros\/fiori\/wp-content\/uploads\/sites\/25\/2021\/11\/thumb_83_paysage_big.jpg\" alt=\"\" width=\"769\" height=\"403\" srcset=\"https:\/\/ecole.ac-nice.fr\/carros\/fiori\/wp-content\/uploads\/sites\/25\/2021\/11\/thumb_83_paysage_big.jpg 769w, https:\/\/ecole.ac-nice.fr\/carros\/fiori\/wp-content\/uploads\/sites\/25\/2021\/11\/thumb_83_paysage_big-300x157.jpg 300w\" sizes=\"auto, (max-width: 769px) 100vw, 769px\" \/><\/a><\/p>\n","protected":false},"excerpt":{"rendered":"<p>Dans le cadre du PAE mis en place par les enseignantes, les \u00e9l\u00e8ves de maternelle se rendront en bus \u00e0 la m\u00e9diath\u00e8que selon le calendrier suivant : Lecture : Jeudi 13 janvier \u00e0 10h45\u00a0: classe de PS-MS de Mme Vaysette Vendredi 14 janvier \u00e0 10h45\u00a0: classe de MS-GS de Mme Lopez En autonomie : Jeudi &hellip; <a href=\"https:\/\/ecole.ac-nice.fr\/carros\/fiori\/?p=1298\" class=\"more-link\">Continuer la lecture de <span class=\"screen-reader-text\">M\u00e9diath\u00e8que<\/span> <span class=\"meta-nav\">&rarr;<\/span><\/a><\/p>\n","protected":false},"author":29,"featured_media":0,"comment_status":"closed","ping_status":"closed","sticky":false,"template":"","format":"quote","meta":{"footnotes":""},"categories":[1,12],"tags":[],"class_list":["post-1298","post","type-post","status-publish","format-quote","hentry","category-actualites-diverses","category-sorties","post_format-post-format-quote"],"_links":{"self":[{"href":"https:\/\/ecole.ac-nice.fr\/carros\/fiori\/index.php?rest_route=\/wp\/v2\/posts\/1298","targetHints":{"allow":["GET"]}}],"collection":[{"href":"https:\/\/ecole.ac-nice.fr\/carros\/fiori\/index.php?rest_route=\/wp\/v2\/posts"}],"about":[{"href":"https:\/\/ecole.ac-nice.fr\/carros\/fiori\/index.php?rest_route=\/wp\/v2\/types\/post"}],"author":[{"embeddable":true,"href":"https:\/\/ecole.ac-nice.fr\/carros\/fiori\/index.php?rest_route=\/wp\/v2\/users\/29"}],"replies":[{"embeddable":true,"href":"https:\/\/ecole.ac-nice.fr\/carros\/fiori\/index.php?rest_route=%2Fwp%2Fv2%2Fcomments&post=1298"}],"version-history":[{"count":3,"href":"https:\/\/ecole.ac-nice.fr\/carros\/fiori\/index.php?rest_route=\/wp\/v2\/posts\/1298\/revisions"}],"predecessor-version":[{"id":1338,"href":"https:\/\/ecole.ac-nice.fr\/carros\/fiori\/index.php?rest_route=\/wp\/v2\/posts\/1298\/revisions\/1338"}],"wp:attachment":[{"href":"https:\/\/ecole.ac-nice.fr\/carros\/fiori\/index.php?rest_route=%2Fwp%2Fv2%2Fmedia&parent=1298"}],"wp:term":[{"taxonomy":"category","embeddable":true,"href":"https:\/\/ecole.ac-nice.fr\/carros\/fiori\/index.php?rest_route=%2Fwp%2Fv2%2Fcategories&post=1298"},{"taxonomy":"post_tag","embeddable":true,"href":"https:\/\/ecole.ac-nice.fr\/carros\/fiori\/index.php?rest_route=%2Fwp%2Fv2%2Ftags&post=1298"}],"curies":[{"name":"wp","href":"https:\/\/api.w.org\/{rel}","templated":true}]}}