{"id":1287,"date":"2021-11-10T11:14:28","date_gmt":"2021-11-10T10:14:28","guid":{"rendered":"https:\/\/ecole.ac-nice.fr\/carros\/fiori\/?p=1287"},"modified":"2021-11-10T11:14:28","modified_gmt":"2021-11-10T10:14:28","slug":"representants-des-parents-deleves-elus-2021-2022","status":"publish","type":"post","link":"https:\/\/ecole.ac-nice.fr\/carros\/fiori\/?p=1287","title":{"rendered":"Repr\u00e9sentants des parents d&rsquo;\u00e9l\u00e8ves \u00e9lus 2021-2022"},"content":{"rendered":"<p>Suite aux \u00e9lections r\u00e9alis\u00e9es en octobre 2021, les nouveaux parents \u00e9lus pour l\u2019ann\u00e9e scolaire 2021-2022 sont :<\/p>\n<p><span style=\"color: #800000;font-family: Helvetica, Arial, sans-serif\">Patricia Coursange\u00a0<\/span><\/p>\n<p><span style=\"color: #800000;font-family: Helvetica, Arial, sans-serif\">Chistelle Brocard\u00a0\u00a0<\/span><\/p>\n<p><span style=\"color: #800000;font-family: Helvetica, Arial, sans-serif\">Caroline Galfr\u00e9\u00a0\u00a0<\/span><\/p>\n<p><span style=\"color: #800000;font-family: Helvetica, Arial, sans-serif\">Marie-Claire Flavio\u00a0\u00a0<\/span><\/p>\n<p><span style=\"color: #800000;font-family: Helvetica, Arial, sans-serif\">Sandrine Perrot\u00a0\u00a0<\/span><\/p>\n<p><span style=\"color: #800000;font-family: Helvetica, Arial, sans-serif\">Virginie Giraudo\u00a0\u00a0\u00a0<\/span><\/p>\n<p><span style=\"color: #800000;font-family: Helvetica, Arial, sans-serif\">G\u00e9raldine Lartigue\u00a0\u00a0<\/span><\/p>\n<p><span style=\"color: #800000;font-family: Helvetica, Arial, sans-serif\">Flora Mardinli\u00a0\u00a0\u00a0<\/span><\/p>\n<p><span style=\"color: #800000;font-family: Helvetica, Arial, sans-serif\">Cathy Wszedybyl\u00a0\u00a0\u00a0<\/span><\/p>\n<p><span style=\"color: #800000;font-family: Helvetica, Arial, sans-serif\">Linda Leniaud\u00a0<\/span><\/p>\n<p>Ils seront amen\u00e9s \u00e0 repr\u00e9senter tous les parents d\u2019\u00e9l\u00e8ves lors des 3 conseils d\u2019\u00e9cole ainsi que tout au long de l&rsquo;ann\u00e9e lorsque cela est n\u00e9cessaire.<\/p>\n<p>Il est possible de les contacter \u00e0 l&rsquo;adresse suivante :<\/p>\n<p><a href=\"representantparentfiori@gmail.com\">representantparentfiori@gmail.com<\/a><\/p>\n","protected":false},"excerpt":{"rendered":"<p>Suite aux \u00e9lections r\u00e9alis\u00e9es en octobre 2021, les nouveaux parents \u00e9lus pour l\u2019ann\u00e9e scolaire 2021-2022 sont : Patricia Coursange\u00a0 Chistelle Brocard\u00a0\u00a0 Caroline Galfr\u00e9\u00a0\u00a0 Marie-Claire Flavio\u00a0\u00a0 Sandrine Perrot\u00a0\u00a0 Virginie Giraudo\u00a0\u00a0\u00a0 G\u00e9raldine Lartigue\u00a0\u00a0 Flora Mardinli\u00a0\u00a0\u00a0 Cathy Wszedybyl\u00a0\u00a0\u00a0 Linda Leniaud\u00a0 Ils seront amen\u00e9s \u00e0 repr\u00e9senter tous les parents d\u2019\u00e9l\u00e8ves lors des 3 conseils d\u2019\u00e9cole ainsi que tout au &hellip; <a href=\"https:\/\/ecole.ac-nice.fr\/carros\/fiori\/?p=1287\" class=\"more-link\">Continuer la lecture de <span class=\"screen-reader-text\">Repr\u00e9sentants des parents d&rsquo;\u00e9l\u00e8ves \u00e9lus 2021-2022<\/span> <span class=\"meta-nav\">&rarr;<\/span><\/a><\/p>\n","protected":false},"author":29,"featured_media":0,"comment_status":"closed","ping_status":"open","sticky":false,"template":"","format":"chat","meta":{"footnotes":""},"categories":[1,39],"tags":[],"class_list":["post-1287","post","type-post","status-publish","format-chat","hentry","category-actualites-diverses","category-les-representants-de-parents-deleves","post_format-post-format-chat"],"_links":{"self":[{"href":"https:\/\/ecole.ac-nice.fr\/carros\/fiori\/index.php?rest_route=\/wp\/v2\/posts\/1287","targetHints":{"allow":["GET"]}}],"collection":[{"href":"https:\/\/ecole.ac-nice.fr\/carros\/fiori\/index.php?rest_route=\/wp\/v2\/posts"}],"about":[{"href":"https:\/\/ecole.ac-nice.fr\/carros\/fiori\/index.php?rest_route=\/wp\/v2\/types\/post"}],"author":[{"embeddable":true,"href":"https:\/\/ecole.ac-nice.fr\/carros\/fiori\/index.php?rest_route=\/wp\/v2\/users\/29"}],"replies":[{"embeddable":true,"href":"https:\/\/ecole.ac-nice.fr\/carros\/fiori\/index.php?rest_route=%2Fwp%2Fv2%2Fcomments&post=1287"}],"version-history":[{"count":1,"href":"https:\/\/ecole.ac-nice.fr\/carros\/fiori\/index.php?rest_route=\/wp\/v2\/posts\/1287\/revisions"}],"predecessor-version":[{"id":1288,"href":"https:\/\/ecole.ac-nice.fr\/carros\/fiori\/index.php?rest_route=\/wp\/v2\/posts\/1287\/revisions\/1288"}],"wp:attachment":[{"href":"https:\/\/ecole.ac-nice.fr\/carros\/fiori\/index.php?rest_route=%2Fwp%2Fv2%2Fmedia&parent=1287"}],"wp:term":[{"taxonomy":"category","embeddable":true,"href":"https:\/\/ecole.ac-nice.fr\/carros\/fiori\/index.php?rest_route=%2Fwp%2Fv2%2Fcategories&post=1287"},{"taxonomy":"post_tag","embeddable":true,"href":"https:\/\/ecole.ac-nice.fr\/carros\/fiori\/index.php?rest_route=%2Fwp%2Fv2%2Ftags&post=1287"}],"curies":[{"name":"wp","href":"https:\/\/api.w.org\/{rel}","templated":true}]}}