{"id":1259,"date":"2021-09-17T15:21:42","date_gmt":"2021-09-17T13:21:42","guid":{"rendered":"https:\/\/ecole.ac-nice.fr\/carros\/fiori\/?p=1259"},"modified":"2021-09-17T15:21:42","modified_gmt":"2021-09-17T13:21:42","slug":"projet-un-enfant-un-arbre-une-foret","status":"publish","type":"post","link":"https:\/\/ecole.ac-nice.fr\/carros\/fiori\/?p=1259","title":{"rendered":"Projet\u00a0: \u00ab\u00a0Un enfant, un arbre, une for\u00eat\u00a0\u00bb"},"content":{"rendered":"<p><a href=\"https:\/\/ecole.ac-nice.fr\/carros\/fiori\/?attachment_id=1260\" rel=\"attachment wp-att-1260\"><img loading=\"lazy\" decoding=\"async\" class=\"alignnone size-full wp-image-1260\" src=\"https:\/\/ecole.ac-nice.fr\/carros\/fiori\/wp-content\/uploads\/sites\/25\/2021\/09\/860_img_8562.jpg\" alt=\"\" width=\"860\" height=\"645\" srcset=\"https:\/\/ecole.ac-nice.fr\/carros\/fiori\/wp-content\/uploads\/sites\/25\/2021\/09\/860_img_8562.jpg 860w, https:\/\/ecole.ac-nice.fr\/carros\/fiori\/wp-content\/uploads\/sites\/25\/2021\/09\/860_img_8562-300x225.jpg 300w, https:\/\/ecole.ac-nice.fr\/carros\/fiori\/wp-content\/uploads\/sites\/25\/2021\/09\/860_img_8562-768x576.jpg 768w\" sizes=\"auto, (max-width: 860px) 100vw, 860px\" \/><\/a><\/p>\n<p><strong><u>Projet :<\/u><\/strong> <strong>\u00ab\u00a0<\/strong><strong>Un enfant, un arbre, une for\u00eat\u00a0\u00bb<\/strong><\/p>\n<p><strong><u>Avant-propos\u00a0:<\/u><\/strong><\/p>\n<p>La France est r\u00e9guli\u00e8rement soumise \u00e0 des incendies de for\u00eat de sources naturelles ou criminelle, souvent l&rsquo;\u00e9t\u00e9.<\/p>\n<p>L&rsquo;impact environnemental d&rsquo;un feu est bien souvent consid\u00e9rable.<\/p>\n<p>Aux modifications de paysage, s&rsquo;ajoutent la destruction de milieux qui s\u2019accompagnent de pertes biologiques (faune et flore habituelles des zones bois\u00e9es), la perte de qualit\u00e9 des sols et le risque important d&rsquo;\u00e9rosion, cons\u00e9cutif \u00e0 l&rsquo;augmentation du ruissellement sur un sol d\u00e9nud\u00e9. Suivant les milieux et la r\u00e9p\u00e9tition des incendies, les effets peuvent se faire sentir sur le long terme.<\/p>\n<p>Suite \u00e0 ces incendies, des essences vont se r\u00e9g\u00e9n\u00e9rer naturellement et venir dominer le milieu ouvert. Il est donc important de r\u00e9introduire de nouvelles essences par plantation pour amener plus de diversit\u00e9. D&rsquo;importantes surfaces doivent donc \u00eatre r\u00e9guli\u00e8rement replant\u00e9es suite \u00e0 ces sinistres.<\/p>\n<p><strong>Dans le cas de la for\u00eat de Carros qui a br\u00fbl\u00e9 pendant l\u2019\u00e9t\u00e9 2017 (soit environ 90 hectares)<\/strong>, il est important aussi de consid\u00e9rer la dimension \u00ab\u00a0affective\u00a0\u00bb qui lie les habitants \u00e0 ce paysage incendi\u00e9. Cette for\u00eat \u00e9tait ch\u00e8re au c\u0153ur des Carrossois mais \u00e0 certains endroits, les flammes sont venues au plus proche des habitations. Ces lieux sont devenus \u00e0 la fois la cristallisation d\u2019une peur mais aussi synonyme de la perte d\u2019un patrimoine cher aux habitants et \u00e0 leurs enfants.<\/p>\n<p>Ces derniers ont tout naturellement manifest\u00e9 leur volont\u00e9 de reboiser leur for\u00eat lors des conseils des \u00e9l\u00e8ves. C\u2019est l&rsquo;une des raisons qui a conduit la mairie de Carros \u00e0 monter ce projet.<\/p>\n<p><strong><u>Projet\u00a0:<\/u><\/strong><\/p>\n<p><strong><u>Cadre du projet :<\/u><\/strong> les \u00e9l\u00e8ves d&rsquo;\u00e9l\u00e9mentaire des \u00e9tablissements scolaires carrossois participent \u00e0 ce projet.<br \/>\n<strong><u>Nombre de participants Pour l&rsquo;\u00e9cole Louis Fiori :<\/u><\/strong> 105 enfants et 8 adultes<br \/>\n<strong><u>Niveau scolaire des \u00e9l\u00e8ves :<\/u><\/strong> du CP au CM2<br \/>\n<strong>Jour d&rsquo;intervention :<\/strong> le lundi 27 septembre de 8h30 \u00e0 12h. D\u00e9placement en bus et encadrement par la police municipale<br \/>\n<strong>Lieu d&rsquo;intervention :<\/strong> Les Rougi\u00e8res<\/p>\n<p><strong>Essences d&rsquo;arbres plant\u00e9es :\u00a0<\/strong><\/p>\n<p><a href=\"https:\/\/ecole.ac-nice.fr\/carros\/fiori\/?attachment_id=1261\" rel=\"attachment wp-att-1261\">Liste arbres<\/a><\/p>\n<p>**************************<\/p>\n<p><strong><u>Objectif principal :<\/u><\/strong><\/p>\n<p>Replanter par soi-m\u00eame : geste vecteur d&rsquo;appropriation de son environnement et d&rsquo;implication dans son paysage.<\/p>\n<p><strong><u>Objectifs secondaires envisageables :<\/u><\/strong><\/p>\n<p>&gt; R\u00e9aliser un herbier du quartier afin de mieux conna\u00eetre l&rsquo;environnement imm\u00e9diat qui entoure l\u2019\u00e9tablissement scolaire<br \/>\n&gt; Mener des recherches sur les arbres pr\u00e9sents dans la montagne qui se situe en contre-bas de l\u2019\u00e9tablissement scolaire et cr\u00e9er des fiches d&rsquo;identification pour pouvoir les exposer ainsi que les essences plant\u00e9es.<br \/>\n&gt; Assister \u00e0 l&rsquo;intervention en classe d&rsquo;un charg\u00e9 de mission (ONF ou agent des espaces verts), sur les th\u00e8mes \u00ab\u00a0Qu&rsquo;est-ce qu&rsquo;un arbre ?\u00a0\u00bb et \u00ab\u00a0Comment faire un semi d&rsquo;arbres \u00e0 partir de graines trouv\u00e9es \u00e0 c\u00f4t\u00e9 de chez moi ?\u00a0\u00bb<br \/>\n&gt; Ramasser des glands de ch\u00eane blanc et des graines de pin noir, pour mettre ensuite \u00e0 germer et pr\u00e9parer des semis de plantation.<br \/>\n&gt; Faire connaissance avec les m\u00e9tiers de la for\u00eat gr\u00e2ce \u00e0 la rencontre en classe avec des professionnels.<br \/>\n&gt; Participer \u00e0 un atelier d&rsquo;\u00e9criture pour inventer des histoires sur les arbres et les illustrer<br \/>\n&gt; R\u00e9aliser un sentier botanique \u00e0 partir des observations r\u00e9alis\u00e9es et des fiches d\u2019identification.<br \/>\n&gt; Proc\u00e9der \u00e0 une restitution en organisant une exposition qui pr\u00e9sente tous les savoirs acquis au cours du projet.<\/p>\n","protected":false},"excerpt":{"rendered":"<p>Projet : \u00ab\u00a0Un enfant, un arbre, une for\u00eat\u00a0\u00bb Avant-propos\u00a0: La France est r\u00e9guli\u00e8rement soumise \u00e0 des incendies de for\u00eat de sources naturelles ou criminelle, souvent l&rsquo;\u00e9t\u00e9. L&rsquo;impact environnemental d&rsquo;un feu est bien souvent consid\u00e9rable. Aux modifications de paysage, s&rsquo;ajoutent la destruction de milieux qui s\u2019accompagnent de pertes biologiques (faune et flore habituelles des zones bois\u00e9es), &hellip; <a href=\"https:\/\/ecole.ac-nice.fr\/carros\/fiori\/?p=1259\" class=\"more-link\">Continuer la lecture de <span class=\"screen-reader-text\">Projet\u00a0: \u00ab\u00a0Un enfant, un arbre, une for\u00eat\u00a0\u00bb<\/span> <span class=\"meta-nav\">&rarr;<\/span><\/a><\/p>\n","protected":false},"author":29,"featured_media":0,"comment_status":"closed","ping_status":"closed","sticky":false,"template":"","format":"quote","meta":{"footnotes":""},"categories":[1,12],"tags":[],"class_list":["post-1259","post","type-post","status-publish","format-quote","hentry","category-actualites-diverses","category-sorties","post_format-post-format-quote"],"_links":{"self":[{"href":"https:\/\/ecole.ac-nice.fr\/carros\/fiori\/index.php?rest_route=\/wp\/v2\/posts\/1259","targetHints":{"allow":["GET"]}}],"collection":[{"href":"https:\/\/ecole.ac-nice.fr\/carros\/fiori\/index.php?rest_route=\/wp\/v2\/posts"}],"about":[{"href":"https:\/\/ecole.ac-nice.fr\/carros\/fiori\/index.php?rest_route=\/wp\/v2\/types\/post"}],"author":[{"embeddable":true,"href":"https:\/\/ecole.ac-nice.fr\/carros\/fiori\/index.php?rest_route=\/wp\/v2\/users\/29"}],"replies":[{"embeddable":true,"href":"https:\/\/ecole.ac-nice.fr\/carros\/fiori\/index.php?rest_route=%2Fwp%2Fv2%2Fcomments&post=1259"}],"version-history":[{"count":1,"href":"https:\/\/ecole.ac-nice.fr\/carros\/fiori\/index.php?rest_route=\/wp\/v2\/posts\/1259\/revisions"}],"predecessor-version":[{"id":1262,"href":"https:\/\/ecole.ac-nice.fr\/carros\/fiori\/index.php?rest_route=\/wp\/v2\/posts\/1259\/revisions\/1262"}],"wp:attachment":[{"href":"https:\/\/ecole.ac-nice.fr\/carros\/fiori\/index.php?rest_route=%2Fwp%2Fv2%2Fmedia&parent=1259"}],"wp:term":[{"taxonomy":"category","embeddable":true,"href":"https:\/\/ecole.ac-nice.fr\/carros\/fiori\/index.php?rest_route=%2Fwp%2Fv2%2Fcategories&post=1259"},{"taxonomy":"post_tag","embeddable":true,"href":"https:\/\/ecole.ac-nice.fr\/carros\/fiori\/index.php?rest_route=%2Fwp%2Fv2%2Ftags&post=1259"}],"curies":[{"name":"wp","href":"https:\/\/api.w.org\/{rel}","templated":true}]}}