{"id":1253,"date":"2021-09-17T11:22:27","date_gmt":"2021-09-17T09:22:27","guid":{"rendered":"https:\/\/ecole.ac-nice.fr\/carros\/fiori\/?p=1253"},"modified":"2021-09-17T11:22:27","modified_gmt":"2021-09-17T09:22:27","slug":"activites-eps-annee-scolaires-2021-2022","status":"publish","type":"post","link":"https:\/\/ecole.ac-nice.fr\/carros\/fiori\/?p=1253","title":{"rendered":"Activit\u00e9s EPS &#8211; Ann\u00e9e scolaires 2021-2022"},"content":{"rendered":"<p style=\"text-align: center\"><strong><span style=\"color: #800080\">Voici la programmation des activit\u00e9s sportives pour les enfants d&rsquo;\u00e9l\u00e9mentaire<\/span><\/strong><\/p>\n<p><u>P\u00e9riode du 20 septembre 2021 au 4 f\u00e9vrier 2022 :<\/u><\/p>\n<p style=\"text-align: center\"><a href=\"https:\/\/ecole.ac-nice.fr\/carros\/fiori\/?attachment_id=445\" rel=\"attachment wp-att-445\"><img loading=\"lazy\" decoding=\"async\" class=\"alignnone size-full wp-image-445\" src=\"https:\/\/ecole.ac-nice.fr\/carros\/fiori\/wp-content\/uploads\/sites\/25\/2018\/09\/Carros-le-Neuf-Piscine-Tournesol_illustration-16-9.jpg\" alt=\"\" width=\"293\" height=\"165\" \/><\/a><\/p>\n<p>A la piscine de Carros<\/p>\n<ul>\n<li>CM1-CM2\u00a0: Natation le mardi de 9h30 \u00e0 10h10 (bus \u00e0 9h et 10h40)<\/li>\n<li>CE1-CE2\u00a0: Natation le vendredi de 9h30 \u00e0 10h10 (bus \u00e0 9h et 10h40)<\/li>\n<\/ul>\n<p style=\"text-align: center\"><a href=\"https:\/\/ecole.ac-nice.fr\/carros\/fiori\/?attachment_id=430\" rel=\"attachment wp-att-430\"><img loading=\"lazy\" decoding=\"async\" class=\"alignnone size-full wp-image-430\" src=\"https:\/\/ecole.ac-nice.fr\/carros\/fiori\/wp-content\/uploads\/sites\/25\/2018\/09\/sans-titre.png\" alt=\"\" width=\"225\" height=\"225\" srcset=\"https:\/\/ecole.ac-nice.fr\/carros\/fiori\/wp-content\/uploads\/sites\/25\/2018\/09\/sans-titre.png 225w, https:\/\/ecole.ac-nice.fr\/carros\/fiori\/wp-content\/uploads\/sites\/25\/2018\/09\/sans-titre-150x150.png 150w\" sizes=\"auto, (max-width: 225px) 100vw, 225px\" \/><\/a><\/p>\n<p>Au gymnase de Carros :<\/p>\n<ul>\n<li>CE2-CM1 : Yoga avec Marc le jeudi de 14h15 \u00e0 15h15 (bus \u00e0 14h et 15h25)<\/li>\n<li>CP\u00a0: Gym avec Gilles le jeudi de 14h15 \u00e0 15h15 (bus \u00e0 14h et 15h25)<\/li>\n<\/ul>\n<p><u>P\u00e9riode du 21 f\u00e9vrier 2022 au 24 juin 2022 :<\/u><\/p>\n<p style=\"text-align: center\"><a href=\"https:\/\/ecole.ac-nice.fr\/carros\/fiori\/?attachment_id=746\" rel=\"attachment wp-att-746\"><img loading=\"lazy\" decoding=\"async\" class=\"alignnone size-full wp-image-746\" src=\"https:\/\/ecole.ac-nice.fr\/carros\/fiori\/wp-content\/uploads\/sites\/25\/2019\/09\/t\u00e9l\u00e9chargement.jpg\" alt=\"\" width=\"275\" height=\"183\" \/><\/a><\/p>\n<p>A la piscine de Carros<\/p>\n<ul>\n<li>CE2-CM1\u00a0: Natation le mardi de 9h30 \u00e0 10h10 (bus \u00e0 9h et 10h40)<\/li>\n<li>CP\u00a0: Natation le vendredi de 9h30 \u00e0 10h10 (bus \u00e0 9h et 10h40)<\/li>\n<\/ul>\n<p style=\"text-align: center\"><a href=\"https:\/\/ecole.ac-nice.fr\/carros\/fiori\/?attachment_id=1254\" rel=\"attachment wp-att-1254\"><img loading=\"lazy\" decoding=\"async\" class=\"alignnone  wp-image-1254\" src=\"https:\/\/ecole.ac-nice.fr\/carros\/fiori\/wp-content\/uploads\/sites\/25\/2021\/09\/unnamed.jpg\" alt=\"\" width=\"214\" height=\"214\" srcset=\"https:\/\/ecole.ac-nice.fr\/carros\/fiori\/wp-content\/uploads\/sites\/25\/2021\/09\/unnamed.jpg 268w, https:\/\/ecole.ac-nice.fr\/carros\/fiori\/wp-content\/uploads\/sites\/25\/2021\/09\/unnamed-150x150.jpg 150w\" sizes=\"auto, (max-width: 214px) 100vw, 214px\" \/><\/a><\/p>\n<p>Au gymnase de Carros<\/p>\n<ul>\n<li>CE1-CE2\u00a0: Gym avec Gilles le jeudi de 14h15 \u00e0 15h15 (bus \u00e0 14h et 15h25)<\/li>\n<\/ul>\n<p style=\"text-align: center\"><a href=\"https:\/\/ecole.ac-nice.fr\/carros\/fiori\/?attachment_id=1255\" rel=\"attachment wp-att-1255\"><img loading=\"lazy\" decoding=\"async\" class=\"alignnone size-full wp-image-1255\" src=\"https:\/\/ecole.ac-nice.fr\/carros\/fiori\/wp-content\/uploads\/sites\/25\/2021\/09\/fete-famille-carros_parc.jpg\" alt=\"\" width=\"192\" height=\"128\" \/><\/a><\/p>\n<p>Au parc forestier de Carros<\/p>\n<ul>\n<li>CM1-CM2\u00a0: Course d\u2019orientation avec R\u00e9my le jeudi de 14h15 \u00e0 16h15 (bus \u00e0 14h et 16h15)<\/li>\n<\/ul>\n","protected":false},"excerpt":{"rendered":"<p>Voici la programmation des activit\u00e9s sportives pour les enfants d&rsquo;\u00e9l\u00e9mentaire P\u00e9riode du 20 septembre 2021 au 4 f\u00e9vrier 2022 : A la piscine de Carros CM1-CM2\u00a0: Natation le mardi de 9h30 \u00e0 10h10 (bus \u00e0 9h et 10h40) CE1-CE2\u00a0: Natation le vendredi de 9h30 \u00e0 10h10 (bus \u00e0 9h et 10h40) Au gymnase de Carros &hellip; <a href=\"https:\/\/ecole.ac-nice.fr\/carros\/fiori\/?p=1253\" class=\"more-link\">Continuer la lecture de <span class=\"screen-reader-text\">Activit\u00e9s EPS &#8211; Ann\u00e9e scolaires 2021-2022<\/span> <span class=\"meta-nav\">&rarr;<\/span><\/a><\/p>\n","protected":false},"author":29,"featured_media":0,"comment_status":"closed","ping_status":"closed","sticky":false,"template":"","format":"chat","meta":{"footnotes":""},"categories":[1],"tags":[],"class_list":["post-1253","post","type-post","status-publish","format-chat","hentry","category-actualites-diverses","post_format-post-format-chat"],"_links":{"self":[{"href":"https:\/\/ecole.ac-nice.fr\/carros\/fiori\/index.php?rest_route=\/wp\/v2\/posts\/1253","targetHints":{"allow":["GET"]}}],"collection":[{"href":"https:\/\/ecole.ac-nice.fr\/carros\/fiori\/index.php?rest_route=\/wp\/v2\/posts"}],"about":[{"href":"https:\/\/ecole.ac-nice.fr\/carros\/fiori\/index.php?rest_route=\/wp\/v2\/types\/post"}],"author":[{"embeddable":true,"href":"https:\/\/ecole.ac-nice.fr\/carros\/fiori\/index.php?rest_route=\/wp\/v2\/users\/29"}],"replies":[{"embeddable":true,"href":"https:\/\/ecole.ac-nice.fr\/carros\/fiori\/index.php?rest_route=%2Fwp%2Fv2%2Fcomments&post=1253"}],"version-history":[{"count":1,"href":"https:\/\/ecole.ac-nice.fr\/carros\/fiori\/index.php?rest_route=\/wp\/v2\/posts\/1253\/revisions"}],"predecessor-version":[{"id":1256,"href":"https:\/\/ecole.ac-nice.fr\/carros\/fiori\/index.php?rest_route=\/wp\/v2\/posts\/1253\/revisions\/1256"}],"wp:attachment":[{"href":"https:\/\/ecole.ac-nice.fr\/carros\/fiori\/index.php?rest_route=%2Fwp%2Fv2%2Fmedia&parent=1253"}],"wp:term":[{"taxonomy":"category","embeddable":true,"href":"https:\/\/ecole.ac-nice.fr\/carros\/fiori\/index.php?rest_route=%2Fwp%2Fv2%2Fcategories&post=1253"},{"taxonomy":"post_tag","embeddable":true,"href":"https:\/\/ecole.ac-nice.fr\/carros\/fiori\/index.php?rest_route=%2Fwp%2Fv2%2Ftags&post=1253"}],"curies":[{"name":"wp","href":"https:\/\/api.w.org\/{rel}","templated":true}]}}