{"id":1174,"date":"2020-08-29T17:05:18","date_gmt":"2020-08-29T15:05:18","guid":{"rendered":"http:\/\/ecole.ac-nice.fr\/carros\/fiori\/?p=1174"},"modified":"2020-08-29T17:05:18","modified_gmt":"2020-08-29T15:05:18","slug":"proteger-ses-enfants-des-ecrans","status":"publish","type":"post","link":"https:\/\/ecole.ac-nice.fr\/carros\/fiori\/?p=1174","title":{"rendered":"Prot\u00e9ger ses enfants des \u00e9crans"},"content":{"rendered":"<p>Internet est un formidable outil, \u00e0 condition que vos enfants soient bien prot\u00e9g\u00e9s.<\/p>\n<p>Vous trouverez dans les liens suivants des conseils indispensables :<\/p>\n<p><img decoding=\"async\" src=\"https:\/\/i0.wp.com\/www.mon-enfant-et-les-ecrans.fr\/wp-content\/uploads\/2019\/01\/image_article_contenu_choquant.png?resize=1200%2C500&amp;ssl=1\" alt=\"Les contenus choquants\" \/><\/p>\n<p class=\"wp-embed-heading\"><a href=\"https:\/\/www.mon-enfant-et-les-ecrans.fr\/tout-ce-quil-faut-savoir-pour-proteger-votre-enfant-des-contenus-choquants\/\" target=\"_top\" rel=\"noopener noreferrer\">Tout ce qu\u2019il faut savoir pour prot\u00e9ger votre enfant des contenus choquants<\/a><\/p>\n<div class=\"wp-embed-excerpt\">\n<p>Les \u00e9crans \u2013 et Internet en particulier \u2013 sont une formidable fen\u00eatre ouverte sur le monde. Mais c\u2019est aussi une source de contenus inappropri\u00e9s pour votre enfant\u00a0: violence, pornographie, propos \u2026\u00a0<a class=\"wp-embed-more\" href=\"https:\/\/www.mon-enfant-et-les-ecrans.fr\/tout-ce-quil-faut-savoir-pour-proteger-votre-enfant-des-contenus-choquants\/\" target=\"_top\" rel=\"noopener noreferrer\">Lire la suite<\/a><\/p>\n<\/div>\n<div class=\"wp-embed-footer\">\n<div class=\"wp-embed-site-title\"><a href=\"https:\/\/www.mon-enfant-et-les-ecrans.fr\/\" target=\"_top\" rel=\"noopener noreferrer\"><img loading=\"lazy\" decoding=\"async\" class=\"wp-embed-site-icon\" src=\"https:\/\/i0.wp.com\/www.mon-enfant-et-les-ecrans.fr\/wp-content\/uploads\/2018\/12\/cropped-logo_carre_instagram_bleu.png?fit=32%2C32&amp;ssl=1\" alt=\"\" width=\"32\" height=\"32\" \/>mon-enfant-et-les-ecrans.fr<\/a><\/div>\n<\/div>\n","protected":false},"excerpt":{"rendered":"<p>Internet est un formidable outil, \u00e0 condition que vos enfants soient bien prot\u00e9g\u00e9s. Vous trouverez dans les liens suivants des conseils indispensables : Tout ce qu\u2019il faut savoir pour prot\u00e9ger votre enfant des contenus choquants Les \u00e9crans \u2013 et Internet en particulier \u2013 sont une formidable fen\u00eatre ouverte sur le monde. Mais c\u2019est aussi une &hellip; <a href=\"https:\/\/ecole.ac-nice.fr\/carros\/fiori\/?p=1174\" class=\"more-link\">Continuer la lecture de <span class=\"screen-reader-text\">Prot\u00e9ger ses enfants des \u00e9crans<\/span> <span class=\"meta-nav\">&rarr;<\/span><\/a><\/p>\n","protected":false},"author":29,"featured_media":0,"comment_status":"closed","ping_status":"closed","sticky":false,"template":"","format":"chat","meta":{"footnotes":""},"categories":[1,65],"tags":[],"class_list":["post-1174","post","type-post","status-publish","format-chat","hentry","category-actualites-diverses","category-proteger-ses-enfants-des-ecrans","post_format-post-format-chat"],"_links":{"self":[{"href":"https:\/\/ecole.ac-nice.fr\/carros\/fiori\/index.php?rest_route=\/wp\/v2\/posts\/1174","targetHints":{"allow":["GET"]}}],"collection":[{"href":"https:\/\/ecole.ac-nice.fr\/carros\/fiori\/index.php?rest_route=\/wp\/v2\/posts"}],"about":[{"href":"https:\/\/ecole.ac-nice.fr\/carros\/fiori\/index.php?rest_route=\/wp\/v2\/types\/post"}],"author":[{"embeddable":true,"href":"https:\/\/ecole.ac-nice.fr\/carros\/fiori\/index.php?rest_route=\/wp\/v2\/users\/29"}],"replies":[{"embeddable":true,"href":"https:\/\/ecole.ac-nice.fr\/carros\/fiori\/index.php?rest_route=%2Fwp%2Fv2%2Fcomments&post=1174"}],"version-history":[{"count":1,"href":"https:\/\/ecole.ac-nice.fr\/carros\/fiori\/index.php?rest_route=\/wp\/v2\/posts\/1174\/revisions"}],"predecessor-version":[{"id":1175,"href":"https:\/\/ecole.ac-nice.fr\/carros\/fiori\/index.php?rest_route=\/wp\/v2\/posts\/1174\/revisions\/1175"}],"wp:attachment":[{"href":"https:\/\/ecole.ac-nice.fr\/carros\/fiori\/index.php?rest_route=%2Fwp%2Fv2%2Fmedia&parent=1174"}],"wp:term":[{"taxonomy":"category","embeddable":true,"href":"https:\/\/ecole.ac-nice.fr\/carros\/fiori\/index.php?rest_route=%2Fwp%2Fv2%2Fcategories&post=1174"},{"taxonomy":"post_tag","embeddable":true,"href":"https:\/\/ecole.ac-nice.fr\/carros\/fiori\/index.php?rest_route=%2Fwp%2Fv2%2Ftags&post=1174"}],"curies":[{"name":"wp","href":"https:\/\/api.w.org\/{rel}","templated":true}]}}