{"id":1138,"date":"2020-08-25T10:20:34","date_gmt":"2020-08-25T08:20:34","guid":{"rendered":"http:\/\/ecole.ac-nice.fr\/carros\/fiori\/?p=1138"},"modified":"2022-08-29T15:35:55","modified_gmt":"2022-08-29T13:35:55","slug":"schema-dorganisation-rentree-2020","status":"publish","type":"post","link":"https:\/\/ecole.ac-nice.fr\/carros\/fiori\/?p=1138","title":{"rendered":"Protocole &#8211; rentr\u00e9e 2022"},"content":{"rendered":"<p style=\"text-align: center\">\n<p style=\"text-align: center\"><strong>Voici le document relatif \u00e0 la gestion de la crise COVID au sein des \u00e9tablissements scolaires pour l&rsquo;ann\u00e9e 2022-2023<\/strong><\/p>\n<p style=\"text-align: center\"><a href=\"http:\/\/ecole.ac-nice.fr\/carros\/fiori\/wp-content\/uploads\/sites\/25\/2020\/08\/ann-e-scolaire-2022-2023-protocole-et-cadre-de-fonctionnement-116311_0.pdf\">ann-e-scolaire-2022-2023-protocole-et-cadre-de-fonctionnement-116311_0<\/a><\/p>\n<p><span style=\"color: #800080\"><strong>Notre d\u00e9partement est actuellement au niveau \u00ab\u00a0Socle\u00a0\u00bb.<\/strong><\/span><\/p>\n","protected":false},"excerpt":{"rendered":"<p>Voici le document relatif \u00e0 la gestion de la crise COVID au sein des \u00e9tablissements scolaires pour l&rsquo;ann\u00e9e 2022-2023 ann-e-scolaire-2022-2023-protocole-et-cadre-de-fonctionnement-116311_0 Notre d\u00e9partement est actuellement au niveau \u00ab\u00a0Socle\u00a0\u00bb.<\/p>\n","protected":false},"author":29,"featured_media":0,"comment_status":"closed","ping_status":"closed","sticky":false,"template":"","format":"chat","meta":{"footnotes":""},"categories":[1],"tags":[],"class_list":["post-1138","post","type-post","status-publish","format-chat","hentry","category-actualites-diverses","post_format-post-format-chat"],"_links":{"self":[{"href":"https:\/\/ecole.ac-nice.fr\/carros\/fiori\/index.php?rest_route=\/wp\/v2\/posts\/1138","targetHints":{"allow":["GET"]}}],"collection":[{"href":"https:\/\/ecole.ac-nice.fr\/carros\/fiori\/index.php?rest_route=\/wp\/v2\/posts"}],"about":[{"href":"https:\/\/ecole.ac-nice.fr\/carros\/fiori\/index.php?rest_route=\/wp\/v2\/types\/post"}],"author":[{"embeddable":true,"href":"https:\/\/ecole.ac-nice.fr\/carros\/fiori\/index.php?rest_route=\/wp\/v2\/users\/29"}],"replies":[{"embeddable":true,"href":"https:\/\/ecole.ac-nice.fr\/carros\/fiori\/index.php?rest_route=%2Fwp%2Fv2%2Fcomments&post=1138"}],"version-history":[{"count":7,"href":"https:\/\/ecole.ac-nice.fr\/carros\/fiori\/index.php?rest_route=\/wp\/v2\/posts\/1138\/revisions"}],"predecessor-version":[{"id":1411,"href":"https:\/\/ecole.ac-nice.fr\/carros\/fiori\/index.php?rest_route=\/wp\/v2\/posts\/1138\/revisions\/1411"}],"wp:attachment":[{"href":"https:\/\/ecole.ac-nice.fr\/carros\/fiori\/index.php?rest_route=%2Fwp%2Fv2%2Fmedia&parent=1138"}],"wp:term":[{"taxonomy":"category","embeddable":true,"href":"https:\/\/ecole.ac-nice.fr\/carros\/fiori\/index.php?rest_route=%2Fwp%2Fv2%2Fcategories&post=1138"},{"taxonomy":"post_tag","embeddable":true,"href":"https:\/\/ecole.ac-nice.fr\/carros\/fiori\/index.php?rest_route=%2Fwp%2Fv2%2Ftags&post=1138"}],"curies":[{"name":"wp","href":"https:\/\/api.w.org\/{rel}","templated":true}]}}