{"id":584,"date":"2017-03-07T09:53:42","date_gmt":"2017-03-07T08:53:42","guid":{"rendered":"http:\/\/ecole.ac-nice.fr\/carros\/circoC3V\/?p=584"},"modified":"2017-03-07T09:54:37","modified_gmt":"2017-03-07T08:54:37","slug":"pour-un-usage-raisonne-des-reseau-sociaux-a-lecole","status":"publish","type":"post","link":"https:\/\/ecole.ac-nice.fr\/carros\/circoC3V\/?p=584","title":{"rendered":"pour un usage raisonn\u00e9 des r\u00e9seau sociaux \u00e0 l&rsquo;\u00e9cole"},"content":{"rendered":"<p>Dans la brochure \u00e0 t\u00e9l\u00e9charger ci dessous, vous trouverez :<br \/>\n&#8211; Des informations sur les diff\u00e9rents r\u00e9seaux sociaux existants.<br \/>\n-Les d\u00e9lits et risques (l\u00e9gislation).<br \/>\n&#8211; Les conseils et pr\u00e9cautions d&#8217;emploi.<\/p>\n<h4><a href=\"https:\/\/drive.google.com\/open?id=0BzRSS7K3QumWQlJwRG0xSWNCYVU\" target=\"_blank\"><strong>T\u00e9l\u00e9charger la brochure<\/strong><\/a><\/h4>\n","protected":false},"excerpt":{"rendered":"<p>Dans la brochure \u00e0 t\u00e9l\u00e9charger ci dessous, vous trouverez : &#8211; Des informations sur les diff\u00e9rents r\u00e9seaux sociaux existants. -Les d\u00e9lits et risques (l\u00e9gislation). &#8211; Les conseils et pr\u00e9cautions d&#8217;emploi. T\u00e9l\u00e9charger la brochure<\/p>\n","protected":false},"author":2,"featured_media":0,"comment_status":"closed","ping_status":"open","sticky":false,"template":"","format":"standard","meta":{"footnotes":""},"categories":[12],"tags":[],"class_list":["post-584","post","type-post","status-publish","format-standard","hentry","category-numeriquealecole"],"_links":{"self":[{"href":"https:\/\/ecole.ac-nice.fr\/carros\/circoC3V\/index.php?rest_route=\/wp\/v2\/posts\/584","targetHints":{"allow":["GET"]}}],"collection":[{"href":"https:\/\/ecole.ac-nice.fr\/carros\/circoC3V\/index.php?rest_route=\/wp\/v2\/posts"}],"about":[{"href":"https:\/\/ecole.ac-nice.fr\/carros\/circoC3V\/index.php?rest_route=\/wp\/v2\/types\/post"}],"author":[{"embeddable":true,"href":"https:\/\/ecole.ac-nice.fr\/carros\/circoC3V\/index.php?rest_route=\/wp\/v2\/users\/2"}],"replies":[{"embeddable":true,"href":"https:\/\/ecole.ac-nice.fr\/carros\/circoC3V\/index.php?rest_route=%2Fwp%2Fv2%2Fcomments&post=584"}],"version-history":[{"count":1,"href":"https:\/\/ecole.ac-nice.fr\/carros\/circoC3V\/index.php?rest_route=\/wp\/v2\/posts\/584\/revisions"}],"predecessor-version":[{"id":585,"href":"https:\/\/ecole.ac-nice.fr\/carros\/circoC3V\/index.php?rest_route=\/wp\/v2\/posts\/584\/revisions\/585"}],"wp:attachment":[{"href":"https:\/\/ecole.ac-nice.fr\/carros\/circoC3V\/index.php?rest_route=%2Fwp%2Fv2%2Fmedia&parent=584"}],"wp:term":[{"taxonomy":"category","embeddable":true,"href":"https:\/\/ecole.ac-nice.fr\/carros\/circoC3V\/index.php?rest_route=%2Fwp%2Fv2%2Fcategories&post=584"},{"taxonomy":"post_tag","embeddable":true,"href":"https:\/\/ecole.ac-nice.fr\/carros\/circoC3V\/index.php?rest_route=%2Fwp%2Fv2%2Ftags&post=584"}],"curies":[{"name":"wp","href":"https:\/\/api.w.org\/{rel}","templated":true}]}}