{"id":284,"date":"2017-01-18T16:32:33","date_gmt":"2017-01-18T15:32:33","guid":{"rendered":"http:\/\/ecole.ac-nice.fr\/carros\/circoC3V\/?p=284"},"modified":"2017-01-20T09:55:46","modified_gmt":"2017-01-20T08:55:46","slug":"la-cnil","status":"publish","type":"post","link":"https:\/\/ecole.ac-nice.fr\/carros\/circoC3V\/?p=284","title":{"rendered":"La CNIL &#8230;"},"content":{"rendered":"<div><i><b>Dans tous les \u00e9tablissements nous cr\u00e9ons des services de traitement des donn\u00e9es personnelles: ENT, Blog, LSU, gestion de liste, vid\u00e9osurveillance&#8230; Les conditions d&rsquo;usage de ces types de service doivent respecter certaines r\u00e8gles et suivant le cas \u00eatre d\u00e9clar\u00e9s \u00e0 la CNIL ou non.<\/p>\n<p><\/b><\/i><\/div>\n<p><i><b>La CNIL diffuse une ressource, qui pr\u00e9cise en fonction de la finalit\u00e9 de traitement des donn\u00e9es les cas o\u00f9 une d\u00e9claration est n\u00e9cessaire, nous vous invitons \u00e0 d\u00e9couvrir cette ressource.<\/b><\/i><\/p>\n<div>\n<div><i><b><a href=\"https:\/\/www.cnil.fr\/fr\/quelles-formalites-pour-les-chefs-detablissements-les-responsables-des-ecoles-et-les-enseignants?utm_source=lnkd.in&amp;utm_medium=referral\" target=\"1\">https:\/\/www.cnil.fr\/fr\/<wbr \/>quelles-formalites-pour-les-<wbr \/>chefs-detablissements-les-<wbr \/>responsables-des-ecoles-et-<wbr \/>les-enseignants?utm_source=<wbr \/>lnkd.in&amp;utm_medium=referral<\/a>\u00ab\u00a0<\/b><\/i><\/div>\n<\/div>\n","protected":false},"excerpt":{"rendered":"<p>Dans tous les \u00e9tablissements nous cr\u00e9ons des services de traitement des donn\u00e9es personnelles: ENT, Blog, LSU, gestion de liste, vid\u00e9osurveillance&#8230; Les conditions d&rsquo;usage de ces types de service doivent respecter certaines r\u00e8gles et suivant le cas \u00eatre d\u00e9clar\u00e9s \u00e0 la CNIL ou non. La CNIL diffuse une ressource, qui pr\u00e9cise en fonction de la finalit\u00e9 &hellip; <a href=\"https:\/\/ecole.ac-nice.fr\/carros\/circoC3V\/?p=284\" class=\"more-link\">Continuer la lecture<span class=\"screen-reader-text\"> de &laquo;&nbsp;La CNIL &#8230;&nbsp;&raquo;<\/span><\/a><\/p>\n","protected":false},"author":2,"featured_media":0,"comment_status":"closed","ping_status":"open","sticky":false,"template":"","format":"standard","meta":{"footnotes":""},"categories":[14],"tags":[],"class_list":["post-284","post","type-post","status-publish","format-standard","hentry","category-reglementation"],"_links":{"self":[{"href":"https:\/\/ecole.ac-nice.fr\/carros\/circoC3V\/index.php?rest_route=\/wp\/v2\/posts\/284","targetHints":{"allow":["GET"]}}],"collection":[{"href":"https:\/\/ecole.ac-nice.fr\/carros\/circoC3V\/index.php?rest_route=\/wp\/v2\/posts"}],"about":[{"href":"https:\/\/ecole.ac-nice.fr\/carros\/circoC3V\/index.php?rest_route=\/wp\/v2\/types\/post"}],"author":[{"embeddable":true,"href":"https:\/\/ecole.ac-nice.fr\/carros\/circoC3V\/index.php?rest_route=\/wp\/v2\/users\/2"}],"replies":[{"embeddable":true,"href":"https:\/\/ecole.ac-nice.fr\/carros\/circoC3V\/index.php?rest_route=%2Fwp%2Fv2%2Fcomments&post=284"}],"version-history":[{"count":1,"href":"https:\/\/ecole.ac-nice.fr\/carros\/circoC3V\/index.php?rest_route=\/wp\/v2\/posts\/284\/revisions"}],"predecessor-version":[{"id":285,"href":"https:\/\/ecole.ac-nice.fr\/carros\/circoC3V\/index.php?rest_route=\/wp\/v2\/posts\/284\/revisions\/285"}],"wp:attachment":[{"href":"https:\/\/ecole.ac-nice.fr\/carros\/circoC3V\/index.php?rest_route=%2Fwp%2Fv2%2Fmedia&parent=284"}],"wp:term":[{"taxonomy":"category","embeddable":true,"href":"https:\/\/ecole.ac-nice.fr\/carros\/circoC3V\/index.php?rest_route=%2Fwp%2Fv2%2Fcategories&post=284"},{"taxonomy":"post_tag","embeddable":true,"href":"https:\/\/ecole.ac-nice.fr\/carros\/circoC3V\/index.php?rest_route=%2Fwp%2Fv2%2Ftags&post=284"}],"curies":[{"name":"wp","href":"https:\/\/api.w.org\/{rel}","templated":true}]}}