{"id":2613,"date":"2025-06-03T15:08:50","date_gmt":"2025-06-03T13:08:50","guid":{"rendered":"https:\/\/ecole.ac-nice.fr\/carros\/circoC3V\/?p=2613"},"modified":"2025-09-08T13:51:50","modified_gmt":"2025-09-08T11:51:50","slug":"calendrier","status":"publish","type":"post","link":"https:\/\/ecole.ac-nice.fr\/carros\/circoC3V\/?p=2613","title":{"rendered":"Calendrier CEC"},"content":{"rendered":"<p>Date des prochains CEC:<\/p>\n<p>Coll\u00e8ge Jean Salines, Roquebilli\u00e8re: lundi 3 novembre 2025 17h<\/p>\n<p>Coll\u00e8ge Ludovic Br\u00e9a, Saint-Martin du Var lundi 17 novembre 2025 17h30<\/p>\n<p>Coll\u00e8ge Saint- Blaise, Saint-Sauveur sur Tin\u00e9e<\/p>\n<p>Coll\u00e8ge Jean Franco, saint Etienne de Tin\u00e9e lundi 13 octobre 17h30<\/p>\n<p>Coll\u00e8ge Paul Langevin, Carros<\/p>\n<p>Coll\u00e8ge Auguste Blanqui, Puget-Th\u00e9niers Lundi 10 novembre<\/p>\n<p>&nbsp;<\/p>\n","protected":false},"excerpt":{"rendered":"<p>Date des prochains CEC: Coll\u00e8ge Jean Salines, Roquebilli\u00e8re: lundi 3 novembre 2025 17h Coll\u00e8ge Ludovic Br\u00e9a, Saint-Martin du Var lundi 17 novembre 2025 17h30 Coll\u00e8ge Saint- Blaise, Saint-Sauveur sur Tin\u00e9e Coll\u00e8ge Jean Franco, saint Etienne de Tin\u00e9e lundi 13 octobre 17h30 Coll\u00e8ge Paul Langevin, Carros Coll\u00e8ge Auguste Blanqui, Puget-Th\u00e9niers Lundi 10 novembre &nbsp;<\/p>\n","protected":false},"author":2,"featured_media":0,"comment_status":"closed","ping_status":"closed","sticky":false,"template":"","format":"standard","meta":{"footnotes":""},"categories":[1],"tags":[],"class_list":["post-2613","post","type-post","status-publish","format-standard","hentry","category-non-classe"],"_links":{"self":[{"href":"https:\/\/ecole.ac-nice.fr\/carros\/circoC3V\/index.php?rest_route=\/wp\/v2\/posts\/2613","targetHints":{"allow":["GET"]}}],"collection":[{"href":"https:\/\/ecole.ac-nice.fr\/carros\/circoC3V\/index.php?rest_route=\/wp\/v2\/posts"}],"about":[{"href":"https:\/\/ecole.ac-nice.fr\/carros\/circoC3V\/index.php?rest_route=\/wp\/v2\/types\/post"}],"author":[{"embeddable":true,"href":"https:\/\/ecole.ac-nice.fr\/carros\/circoC3V\/index.php?rest_route=\/wp\/v2\/users\/2"}],"replies":[{"embeddable":true,"href":"https:\/\/ecole.ac-nice.fr\/carros\/circoC3V\/index.php?rest_route=%2Fwp%2Fv2%2Fcomments&post=2613"}],"version-history":[{"count":5,"href":"https:\/\/ecole.ac-nice.fr\/carros\/circoC3V\/index.php?rest_route=\/wp\/v2\/posts\/2613\/revisions"}],"predecessor-version":[{"id":2767,"href":"https:\/\/ecole.ac-nice.fr\/carros\/circoC3V\/index.php?rest_route=\/wp\/v2\/posts\/2613\/revisions\/2767"}],"wp:attachment":[{"href":"https:\/\/ecole.ac-nice.fr\/carros\/circoC3V\/index.php?rest_route=%2Fwp%2Fv2%2Fmedia&parent=2613"}],"wp:term":[{"taxonomy":"category","embeddable":true,"href":"https:\/\/ecole.ac-nice.fr\/carros\/circoC3V\/index.php?rest_route=%2Fwp%2Fv2%2Fcategories&post=2613"},{"taxonomy":"post_tag","embeddable":true,"href":"https:\/\/ecole.ac-nice.fr\/carros\/circoC3V\/index.php?rest_route=%2Fwp%2Fv2%2Ftags&post=2613"}],"curies":[{"name":"wp","href":"https:\/\/api.w.org\/{rel}","templated":true}]}}