{"id":2574,"date":"2025-05-11T23:21:05","date_gmt":"2025-05-11T21:21:05","guid":{"rendered":"https:\/\/ecole.ac-nice.fr\/carros\/circoC3V\/?p=2574"},"modified":"2025-09-08T12:21:11","modified_gmt":"2025-09-08T10:21:11","slug":"equipe-du-rased-de-la-circonscription","status":"publish","type":"post","link":"https:\/\/ecole.ac-nice.fr\/carros\/circoC3V\/?p=2574","title":{"rendered":"Equipe du RASED de la circonscription"},"content":{"rendered":"<p>Les\u00a0<abbr lang=\"fr\" title=\"R\u00e9seau d'aides sp\u00e9cialis\u00e9es aux enfants en difficult\u00e9 (ex GAPP.)\" xml:lang=\"fr\">RASED<\/abbr> rassemblent des <strong>psychologues <\/strong>et des <strong>professeurs des \u00e9coles sp\u00e9cialis\u00e9s<\/strong>.<br \/>\nIls sont membres \u00e0 part enti\u00e8re de l&rsquo;\u00e9quipe enseignante des \u00e9coles o\u00f9 ils exercent. Ils interviennent aupr\u00e8s des \u00e9l\u00e8ves de la maternelle au <abbr lang=\"fr\" title=\"Cours moyen deuxi\u00e8me ann\u00e9e\" xml:lang=\"fr\">CM2<\/abbr>, en classe ou en petits groupes.<\/p>\n<p>Les personnels des\u00a0<abbr lang=\"fr\" title=\"R\u00e9seau d'aides sp\u00e9cialis\u00e9es aux enfants en difficult\u00e9 (ex GAPP.)\" xml:lang=\"fr\">Rased<\/abbr> apportent l\u2019<strong>appui de leurs comp\u00e9tences aux \u00e9quipes p\u00e9dagogiques des \u00e9coles<\/strong>. Ils les aident \u00e0 analyser les situations, \u00e0 reconna\u00eetre et prendre en compte les besoins des \u00e9l\u00e8ves et \u00e0 construire des r\u00e9ponses adapt\u00e9es.<\/p>\n<p>Ils contribuent aussi \u00e0 l\u2019\u00e9laboration et \u00e0 la mise en \u0153uvre des plans d\u2019accompagnement personnalis\u00e9s (PAP) et au suivi des projets personnalis\u00e9s de scolarisation (PPS).<\/p>\n<p>Les aides sp\u00e9cialis\u00e9es visent a \u00e0 pr\u00e9venir et rem\u00e9dier aux difficult\u00e9s scolaires qui r\u00e9sistent aux aides que les enseignants des classes apportent \u00e0 leurs \u00e9l\u00e8ves.<\/p>\n<p><a href=\"https:\/\/ecole.ac-nice.fr\/carros\/circoC3V\/wp-content\/uploads\/sites\/4\/2025\/05\/Procedure-amenant-intervention-RASED_couleur.pdf\">Rappel de la proc\u00e9dure amenant \u00e0 la demande d&rsquo;aide du RASED<\/a><\/p>\n<p><a href=\"https:\/\/ecole.ac-nice.fr\/carros\/circoC3V\/wp-content\/uploads\/sites\/4\/2025\/09\/carte-mentale-3-missions-ESADR.pdf\">Les missions d&rsquo;un enseignant sp\u00e9cialis\u00e9 en charg\u00e9 de l&rsquo;aide relationnelle<\/a><\/p>\n<p><a href=\"https:\/\/ecole.ac-nice.fr\/carros\/circoC3V\/wp-content\/uploads\/sites\/4\/2025\/09\/Profils-des-eleves_besoin-aide-relationnelle.pdf\">Profil des \u00e9l\u00e8ves ayant besoin d&rsquo;une aide relationnelle<\/a><\/p>\n<p>&nbsp;<\/p>\n","protected":false},"excerpt":{"rendered":"<p>Les\u00a0RASED rassemblent des psychologues et des professeurs des \u00e9coles sp\u00e9cialis\u00e9s. Ils sont membres \u00e0 part enti\u00e8re de l&rsquo;\u00e9quipe enseignante des \u00e9coles o\u00f9 ils exercent. Ils interviennent aupr\u00e8s des \u00e9l\u00e8ves de la maternelle au CM2, en classe ou en petits groupes. Les personnels des\u00a0Rased apportent l\u2019appui de leurs comp\u00e9tences aux \u00e9quipes p\u00e9dagogiques des \u00e9coles. Ils les &hellip; <a href=\"https:\/\/ecole.ac-nice.fr\/carros\/circoC3V\/?p=2574\" class=\"more-link\">Continuer la lecture<span class=\"screen-reader-text\"> de &laquo;&nbsp;Equipe du RASED de la circonscription&nbsp;&raquo;<\/span><\/a><\/p>\n","protected":false},"author":2,"featured_media":0,"comment_status":"closed","ping_status":"closed","sticky":false,"template":"","format":"standard","meta":{"footnotes":""},"categories":[82],"tags":[],"class_list":["post-2574","post","type-post","status-publish","format-standard","hentry","category-rased"],"_links":{"self":[{"href":"https:\/\/ecole.ac-nice.fr\/carros\/circoC3V\/index.php?rest_route=\/wp\/v2\/posts\/2574","targetHints":{"allow":["GET"]}}],"collection":[{"href":"https:\/\/ecole.ac-nice.fr\/carros\/circoC3V\/index.php?rest_route=\/wp\/v2\/posts"}],"about":[{"href":"https:\/\/ecole.ac-nice.fr\/carros\/circoC3V\/index.php?rest_route=\/wp\/v2\/types\/post"}],"author":[{"embeddable":true,"href":"https:\/\/ecole.ac-nice.fr\/carros\/circoC3V\/index.php?rest_route=\/wp\/v2\/users\/2"}],"replies":[{"embeddable":true,"href":"https:\/\/ecole.ac-nice.fr\/carros\/circoC3V\/index.php?rest_route=%2Fwp%2Fv2%2Fcomments&post=2574"}],"version-history":[{"count":10,"href":"https:\/\/ecole.ac-nice.fr\/carros\/circoC3V\/index.php?rest_route=\/wp\/v2\/posts\/2574\/revisions"}],"predecessor-version":[{"id":2756,"href":"https:\/\/ecole.ac-nice.fr\/carros\/circoC3V\/index.php?rest_route=\/wp\/v2\/posts\/2574\/revisions\/2756"}],"wp:attachment":[{"href":"https:\/\/ecole.ac-nice.fr\/carros\/circoC3V\/index.php?rest_route=%2Fwp%2Fv2%2Fmedia&parent=2574"}],"wp:term":[{"taxonomy":"category","embeddable":true,"href":"https:\/\/ecole.ac-nice.fr\/carros\/circoC3V\/index.php?rest_route=%2Fwp%2Fv2%2Fcategories&post=2574"},{"taxonomy":"post_tag","embeddable":true,"href":"https:\/\/ecole.ac-nice.fr\/carros\/circoC3V\/index.php?rest_route=%2Fwp%2Fv2%2Ftags&post=2574"}],"curies":[{"name":"wp","href":"https:\/\/api.w.org\/{rel}","templated":true}]}}