{"id":248,"date":"2017-01-18T15:49:56","date_gmt":"2017-01-18T14:49:56","guid":{"rendered":"http:\/\/ecole.ac-nice.fr\/carros\/circoC3V\/?p=248"},"modified":"2017-01-20T09:57:06","modified_gmt":"2017-01-20T08:57:06","slug":"utilisation-doeuvres-a-des-fins-pedagogiques","status":"publish","type":"post","link":"https:\/\/ecole.ac-nice.fr\/carros\/circoC3V\/?p=248","title":{"rendered":"Utilisation d&rsquo;oeuvres \u00e0 des fins p\u00e9dagogiques"},"content":{"rendered":"<p>Protocole d&rsquo;accord sur l&rsquo;utilisation et la reproduction des livres, des \u0153uvres musicales \u00e9dit\u00e9es, des publications p\u00e9riodiques et des \u0153uvres des arts visuels \u00e0 des fins d&rsquo;illustration des activit\u00e9s d&rsquo;enseignement et de recherche<\/p>\n<p><a href=\"http:\/\/www.education.gouv.fr\/pid285\/bulletin_officiel.html?cid_bo=106736\" target=\"_blank\">Cliquez ici pour acc\u00e9der au BO n\u00b035 du 29 septembre 2016<\/a><\/p>\n","protected":false},"excerpt":{"rendered":"<p>Protocole d&rsquo;accord sur l&rsquo;utilisation et la reproduction des livres, des \u0153uvres musicales \u00e9dit\u00e9es, des publications p\u00e9riodiques et des \u0153uvres des arts visuels \u00e0 des fins d&rsquo;illustration des activit\u00e9s d&rsquo;enseignement et de recherche Cliquez ici pour acc\u00e9der au BO n\u00b035 du 29 septembre 2016<\/p>\n","protected":false},"author":2,"featured_media":0,"comment_status":"closed","ping_status":"open","sticky":false,"template":"","format":"standard","meta":{"footnotes":""},"categories":[14],"tags":[],"class_list":["post-248","post","type-post","status-publish","format-standard","hentry","category-reglementation"],"_links":{"self":[{"href":"https:\/\/ecole.ac-nice.fr\/carros\/circoC3V\/index.php?rest_route=\/wp\/v2\/posts\/248","targetHints":{"allow":["GET"]}}],"collection":[{"href":"https:\/\/ecole.ac-nice.fr\/carros\/circoC3V\/index.php?rest_route=\/wp\/v2\/posts"}],"about":[{"href":"https:\/\/ecole.ac-nice.fr\/carros\/circoC3V\/index.php?rest_route=\/wp\/v2\/types\/post"}],"author":[{"embeddable":true,"href":"https:\/\/ecole.ac-nice.fr\/carros\/circoC3V\/index.php?rest_route=\/wp\/v2\/users\/2"}],"replies":[{"embeddable":true,"href":"https:\/\/ecole.ac-nice.fr\/carros\/circoC3V\/index.php?rest_route=%2Fwp%2Fv2%2Fcomments&post=248"}],"version-history":[{"count":1,"href":"https:\/\/ecole.ac-nice.fr\/carros\/circoC3V\/index.php?rest_route=\/wp\/v2\/posts\/248\/revisions"}],"predecessor-version":[{"id":249,"href":"https:\/\/ecole.ac-nice.fr\/carros\/circoC3V\/index.php?rest_route=\/wp\/v2\/posts\/248\/revisions\/249"}],"wp:attachment":[{"href":"https:\/\/ecole.ac-nice.fr\/carros\/circoC3V\/index.php?rest_route=%2Fwp%2Fv2%2Fmedia&parent=248"}],"wp:term":[{"taxonomy":"category","embeddable":true,"href":"https:\/\/ecole.ac-nice.fr\/carros\/circoC3V\/index.php?rest_route=%2Fwp%2Fv2%2Fcategories&post=248"},{"taxonomy":"post_tag","embeddable":true,"href":"https:\/\/ecole.ac-nice.fr\/carros\/circoC3V\/index.php?rest_route=%2Fwp%2Fv2%2Ftags&post=248"}],"curies":[{"name":"wp","href":"https:\/\/api.w.org\/{rel}","templated":true}]}}