{"id":4487,"date":"2024-08-29T16:40:25","date_gmt":"2024-08-29T14:40:25","guid":{"rendered":"https:\/\/ecole.ac-nice.fr\/carros\/castagniersmoulins\/?p=4487"},"modified":"2024-08-29T17:10:24","modified_gmt":"2024-08-29T15:10:24","slug":"phare-programme-de-lutte-contre-le-harcelement-a-lecole","status":"publish","type":"post","link":"https:\/\/ecole.ac-nice.fr\/carros\/castagniersmoulins\/?p=4487","title":{"rendered":"pHARe : Programme de lutte contre le HARc\u00e8lement \u00e0 l&rsquo;\u00e9cole"},"content":{"rendered":"<p>L&rsquo;\u00e9cole est dot\u00e9e d&rsquo;un plan de pr\u00e9vention.<\/p>\n<p>Toute situation sera d&rsquo;abord trait\u00e9e par l&rsquo;\u00e9quipe de circonscription selon un protocole bas\u00e9 sur la MPP (M\u00e9thode de la Pr\u00e9occupation Partag\u00e9e).<\/p>\n<p>Il existe \u00e9galement un protocole national, qui peut \u00eatre d\u00e9clench\u00e9, si besoin, dans un second temps.<\/p>\n<h6><strong>N\u00b0 d\u2019\u00e9coute et de prise en charge des<\/strong><strong> situations de harc\u00e8lement et de cyberharc\u00e8lement : 3018<\/strong><\/h6>\n<p>&nbsp;<\/p>\n","protected":false},"excerpt":{"rendered":"<p>L&rsquo;\u00e9cole est dot\u00e9e d&rsquo;un plan de pr\u00e9vention. Toute situation sera d&rsquo;abord trait\u00e9e par l&rsquo;\u00e9quipe de circonscription selon un protocole bas\u00e9 sur la MPP (M\u00e9thode de la Pr\u00e9occupation Partag\u00e9e). Il existe \u00e9galement un protocole national, qui peut \u00eatre d\u00e9clench\u00e9, si besoin, dans un second temps. N\u00b0 d\u2019\u00e9coute et de prise en charge des situations de harc\u00e8lement &hellip; <a href=\"https:\/\/ecole.ac-nice.fr\/carros\/castagniersmoulins\/?p=4487\" class=\"more-link\">Continuer la lecture de <span class=\"screen-reader-text\">pHARe : Programme de lutte contre le HARc\u00e8lement \u00e0 l&rsquo;\u00e9cole<\/span> <span class=\"meta-nav\">&rarr;<\/span><\/a><\/p>\n","protected":false},"author":9,"featured_media":0,"comment_status":"open","ping_status":"open","sticky":false,"template":"","format":"standard","meta":{"footnotes":""},"categories":[37],"tags":[],"class_list":["post-4487","post","type-post","status-publish","format-standard","hentry","category-lutte-harcelement"],"_links":{"self":[{"href":"https:\/\/ecole.ac-nice.fr\/carros\/castagniersmoulins\/index.php?rest_route=\/wp\/v2\/posts\/4487","targetHints":{"allow":["GET"]}}],"collection":[{"href":"https:\/\/ecole.ac-nice.fr\/carros\/castagniersmoulins\/index.php?rest_route=\/wp\/v2\/posts"}],"about":[{"href":"https:\/\/ecole.ac-nice.fr\/carros\/castagniersmoulins\/index.php?rest_route=\/wp\/v2\/types\/post"}],"author":[{"embeddable":true,"href":"https:\/\/ecole.ac-nice.fr\/carros\/castagniersmoulins\/index.php?rest_route=\/wp\/v2\/users\/9"}],"replies":[{"embeddable":true,"href":"https:\/\/ecole.ac-nice.fr\/carros\/castagniersmoulins\/index.php?rest_route=%2Fwp%2Fv2%2Fcomments&post=4487"}],"version-history":[{"count":2,"href":"https:\/\/ecole.ac-nice.fr\/carros\/castagniersmoulins\/index.php?rest_route=\/wp\/v2\/posts\/4487\/revisions"}],"predecessor-version":[{"id":4492,"href":"https:\/\/ecole.ac-nice.fr\/carros\/castagniersmoulins\/index.php?rest_route=\/wp\/v2\/posts\/4487\/revisions\/4492"}],"wp:attachment":[{"href":"https:\/\/ecole.ac-nice.fr\/carros\/castagniersmoulins\/index.php?rest_route=%2Fwp%2Fv2%2Fmedia&parent=4487"}],"wp:term":[{"taxonomy":"category","embeddable":true,"href":"https:\/\/ecole.ac-nice.fr\/carros\/castagniersmoulins\/index.php?rest_route=%2Fwp%2Fv2%2Fcategories&post=4487"},{"taxonomy":"post_tag","embeddable":true,"href":"https:\/\/ecole.ac-nice.fr\/carros\/castagniersmoulins\/index.php?rest_route=%2Fwp%2Fv2%2Ftags&post=4487"}],"curies":[{"name":"wp","href":"https:\/\/api.w.org\/{rel}","templated":true}]}}