{"id":411,"date":"2017-10-11T10:00:01","date_gmt":"2017-10-11T08:00:01","guid":{"rendered":"http:\/\/ecole.ac-nice.fr\/carros\/castagniersmoulins\/?p=411"},"modified":"2018-08-06T16:18:29","modified_gmt":"2018-08-06T14:18:29","slug":"le-logo-de-lecole","status":"publish","type":"post","link":"https:\/\/ecole.ac-nice.fr\/carros\/castagniersmoulins\/?p=411","title":{"rendered":"Le logo de l&rsquo;\u00e9cole"},"content":{"rendered":"<h2 style=\"text-align: left\"><span style=\"color: #0000ff\">Le logo de l&rsquo;\u00e9cole !<\/span><\/h2>\n<p><span style=\"color: #3366ff\">Le vote consultatif est termin\u00e9. Le jury a pris sa d\u00e9cision.<\/span><\/p>\n<p>24 personnes ont particip\u00e9 au vote. Parmi les choix 1 et 2, 4 dessins sont particuli\u00e8rement ressortis : le J, le E, le I et le H. Mais <strong>toutes les propositions m\u00e9ritent des f\u00e9licitations !<\/strong> Certaines ont \u00e9t\u00e9 r\u00e9alis\u00e9es par les enfants sans aide, d&rsquo;autres ont re\u00e7u plus ou moins d&rsquo;aide des parents, certaines montrent une r\u00e9flexion pouss\u00e9e sur les symboles (la ch\u00e2taigne de Castagniers, les ailes du moulin, le Var, les montagnes, l&rsquo;\u00e9cole&#8230;). Il y avait l\u00e0 beaucoup de vari\u00e9t\u00e9, et vous pouvez tous \u00eatre fiers de votre r\u00e9alisation !<\/p>\n<p><strong>Le jury a finalement choisi le dessin E. <\/strong><\/p>\n<p><strong>Bravo \u00e0 Matt et \u00e0 sa famille pour cette magnifique r\u00e9alisation !<\/strong><\/p>\n<p><strong>Voici le logo tel qu&rsquo;il sera pr\u00e9sent\u00e9 sur certains courriers de l&rsquo;\u00e9cole :<\/strong><\/p>\n<p><img loading=\"lazy\" decoding=\"async\" class=\"size-medium wp-image-444 aligncenter\" src=\"https:\/\/ecole.ac-nice.fr\/carros\/castagniersmoulins\/wp-content\/uploads\/sites\/18\/2017\/10\/Logo-e\u0301cole.-185x300.jpg\" alt=\"\" width=\"185\" height=\"300\" srcset=\"https:\/\/ecole.ac-nice.fr\/carros\/castagniersmoulins\/wp-content\/uploads\/sites\/18\/2017\/10\/Logo-e\u0301cole.-185x300.jpg 185w, https:\/\/ecole.ac-nice.fr\/carros\/castagniersmoulins\/wp-content\/uploads\/sites\/18\/2017\/10\/Logo-e\u0301cole..jpg 373w\" sizes=\"auto, (max-width: 185px) 100vw, 185px\" \/><\/p>\n<p>&nbsp;<\/p>\n<p>&nbsp;<\/p>\n<p><em>Toutes les propositions de logos sont pr\u00e9sent\u00e9es ici, m\u00eame si certaines n&rsquo;ont pas respect\u00e9 les contraintes impos\u00e9es.<\/em><\/p>\n<p><img loading=\"lazy\" decoding=\"async\" class=\"alignleft wp-image-410\" src=\"https:\/\/ecole.ac-nice.fr\/carros\/castagniersmoulins\/wp-content\/uploads\/sites\/18\/2017\/10\/logo-Tyme\u0301o168.jpg\" alt=\"\" width=\"304\" height=\"241\" \/><\/p>\n<p>&nbsp;<\/p>\n<p>&nbsp;<\/p>\n<p><strong>A<\/strong><\/p>\n<p>&nbsp;<\/p>\n<p>&nbsp;<\/p>\n<p>&nbsp;<\/p>\n<p><img loading=\"lazy\" decoding=\"async\" class=\"alignleft size-medium wp-image-409\" src=\"https:\/\/ecole.ac-nice.fr\/carros\/castagniersmoulins\/wp-content\/uploads\/sites\/18\/2017\/10\/logo-Titouan-CM2170-169x300.jpg\" alt=\"\" width=\"169\" height=\"300\" srcset=\"https:\/\/ecole.ac-nice.fr\/carros\/castagniersmoulins\/wp-content\/uploads\/sites\/18\/2017\/10\/logo-Titouan-CM2170-169x300.jpg 169w, https:\/\/ecole.ac-nice.fr\/carros\/castagniersmoulins\/wp-content\/uploads\/sites\/18\/2017\/10\/logo-Titouan-CM2170.jpg 417w\" sizes=\"auto, (max-width: 169px) 100vw, 169px\" \/><\/p>\n<p>&nbsp;<\/p>\n<p>&nbsp;<\/p>\n<p>&nbsp;<\/p>\n<p>&nbsp;<\/p>\n<p><strong>B<\/strong><\/p>\n<p>&nbsp;<\/p>\n<p>&nbsp;<\/p>\n<p><img loading=\"lazy\" decoding=\"async\" class=\"alignleft size-medium wp-image-408\" src=\"https:\/\/ecole.ac-nice.fr\/carros\/castagniersmoulins\/wp-content\/uploads\/sites\/18\/2017\/10\/logo-Romane-Truchy159-193x300.jpg\" alt=\"\" width=\"193\" height=\"300\" srcset=\"https:\/\/ecole.ac-nice.fr\/carros\/castagniersmoulins\/wp-content\/uploads\/sites\/18\/2017\/10\/logo-Romane-Truchy159-193x300.jpg 193w, https:\/\/ecole.ac-nice.fr\/carros\/castagniersmoulins\/wp-content\/uploads\/sites\/18\/2017\/10\/logo-Romane-Truchy159.jpg 360w\" sizes=\"auto, (max-width: 193px) 100vw, 193px\" \/><\/p>\n<p>&nbsp;<\/p>\n<p>&nbsp;<\/p>\n<p>&nbsp;<\/p>\n<p><strong>C<\/strong><\/p>\n<p>&nbsp;<\/p>\n<p>&nbsp;<\/p>\n<p>&nbsp;<\/p>\n<p><img loading=\"lazy\" decoding=\"async\" class=\"alignleft size-medium wp-image-407\" src=\"https:\/\/ecole.ac-nice.fr\/carros\/castagniersmoulins\/wp-content\/uploads\/sites\/18\/2017\/10\/logo-Nathan-CM2169-203x300.jpg\" alt=\"\" width=\"203\" height=\"300\" srcset=\"https:\/\/ecole.ac-nice.fr\/carros\/castagniersmoulins\/wp-content\/uploads\/sites\/18\/2017\/10\/logo-Nathan-CM2169-203x300.jpg 203w, https:\/\/ecole.ac-nice.fr\/carros\/castagniersmoulins\/wp-content\/uploads\/sites\/18\/2017\/10\/logo-Nathan-CM2169.jpg 529w\" sizes=\"auto, (max-width: 203px) 100vw, 203px\" \/><\/p>\n<p>&nbsp;<\/p>\n<p>&nbsp;<\/p>\n<p>&nbsp;<\/p>\n<p>&nbsp;<\/p>\n<p><strong>D<\/strong><\/p>\n<p>&nbsp;<\/p>\n<p>&nbsp;<\/p>\n<p><img loading=\"lazy\" decoding=\"async\" class=\"alignleft size-medium wp-image-406\" src=\"https:\/\/ecole.ac-nice.fr\/carros\/castagniersmoulins\/wp-content\/uploads\/sites\/18\/2017\/10\/logo-Matt-GS163-250x300.jpg\" alt=\"\" width=\"250\" height=\"300\" srcset=\"https:\/\/ecole.ac-nice.fr\/carros\/castagniersmoulins\/wp-content\/uploads\/sites\/18\/2017\/10\/logo-Matt-GS163-250x300.jpg 250w, https:\/\/ecole.ac-nice.fr\/carros\/castagniersmoulins\/wp-content\/uploads\/sites\/18\/2017\/10\/logo-Matt-GS163.jpg 556w\" sizes=\"auto, (max-width: 250px) 100vw, 250px\" \/><\/p>\n<p>&nbsp;<\/p>\n<p>&nbsp;<\/p>\n<p>&nbsp;<\/p>\n<p><strong>E<\/strong><\/p>\n<p>&nbsp;<\/p>\n<p>&nbsp;<\/p>\n<p>&nbsp;<\/p>\n<p><img loading=\"lazy\" decoding=\"async\" class=\"alignleft size-medium wp-image-405\" src=\"https:\/\/ecole.ac-nice.fr\/carros\/castagniersmoulins\/wp-content\/uploads\/sites\/18\/2017\/10\/logo-Lyra-Merlo166-296x300.jpg\" alt=\"\" width=\"296\" height=\"300\" srcset=\"https:\/\/ecole.ac-nice.fr\/carros\/castagniersmoulins\/wp-content\/uploads\/sites\/18\/2017\/10\/logo-Lyra-Merlo166-296x300.jpg 296w, https:\/\/ecole.ac-nice.fr\/carros\/castagniersmoulins\/wp-content\/uploads\/sites\/18\/2017\/10\/logo-Lyra-Merlo166.jpg 535w\" sizes=\"auto, (max-width: 296px) 100vw, 296px\" \/><\/p>\n<p>&nbsp;<\/p>\n<p>&nbsp;<\/p>\n<p>&nbsp;<\/p>\n<p>&nbsp;<\/p>\n<p>&nbsp;<\/p>\n<p><strong>F<\/strong><\/p>\n<p>&nbsp;<\/p>\n<p><img loading=\"lazy\" decoding=\"async\" class=\"alignleft size-medium wp-image-403\" src=\"https:\/\/ecole.ac-nice.fr\/carros\/castagniersmoulins\/wp-content\/uploads\/sites\/18\/2017\/10\/logo-Jules-CE160-236x300.jpg\" alt=\"\" width=\"236\" height=\"300\" srcset=\"https:\/\/ecole.ac-nice.fr\/carros\/castagniersmoulins\/wp-content\/uploads\/sites\/18\/2017\/10\/logo-Jules-CE160-236x300.jpg 236w, https:\/\/ecole.ac-nice.fr\/carros\/castagniersmoulins\/wp-content\/uploads\/sites\/18\/2017\/10\/logo-Jules-CE160.jpg 307w\" sizes=\"auto, (max-width: 236px) 100vw, 236px\" \/><\/p>\n<p>&nbsp;<\/p>\n<p>&nbsp;<\/p>\n<p>&nbsp;<\/p>\n<p><strong>G<\/strong><\/p>\n<p>&nbsp;<\/p>\n<p>&nbsp;<\/p>\n<p>&nbsp;<\/p>\n<p><img loading=\"lazy\" decoding=\"async\" class=\"alignleft size-medium wp-image-404\" src=\"https:\/\/ecole.ac-nice.fr\/carros\/castagniersmoulins\/wp-content\/uploads\/sites\/18\/2017\/10\/logo-Le\u0301o-Merlo167-217x300.jpg\" alt=\"\" width=\"217\" height=\"300\" srcset=\"https:\/\/ecole.ac-nice.fr\/carros\/castagniersmoulins\/wp-content\/uploads\/sites\/18\/2017\/10\/logo-Le\u0301o-Merlo167-217x300.jpg 217w, https:\/\/ecole.ac-nice.fr\/carros\/castagniersmoulins\/wp-content\/uploads\/sites\/18\/2017\/10\/logo-Le\u0301o-Merlo167.jpg 392w\" sizes=\"auto, (max-width: 217px) 100vw, 217px\" \/><\/p>\n<p>&nbsp;<\/p>\n<p>&nbsp;<\/p>\n<p>&nbsp;<\/p>\n<p><strong>H<\/strong><\/p>\n<p>&nbsp;<\/p>\n<p>&nbsp;<\/p>\n<p>&nbsp;<\/p>\n<p><img loading=\"lazy\" decoding=\"async\" class=\"alignleft size-medium wp-image-402\" src=\"https:\/\/ecole.ac-nice.fr\/carros\/castagniersmoulins\/wp-content\/uploads\/sites\/18\/2017\/10\/logo-Gabriel-B-GS161-300x209.jpg\" alt=\"\" width=\"300\" height=\"209\" srcset=\"https:\/\/ecole.ac-nice.fr\/carros\/castagniersmoulins\/wp-content\/uploads\/sites\/18\/2017\/10\/logo-Gabriel-B-GS161-300x209.jpg 300w, https:\/\/ecole.ac-nice.fr\/carros\/castagniersmoulins\/wp-content\/uploads\/sites\/18\/2017\/10\/logo-Gabriel-B-GS161.jpg 492w\" sizes=\"auto, (max-width: 300px) 100vw, 300px\" \/><\/p>\n<p>&nbsp;<\/p>\n<p>&nbsp;<\/p>\n<p><strong>I<\/strong><\/p>\n<p>&nbsp;<\/p>\n<p>&nbsp;<\/p>\n<p>&nbsp;<\/p>\n<p><img loading=\"lazy\" decoding=\"async\" class=\"alignleft size-medium wp-image-400\" src=\"https:\/\/ecole.ac-nice.fr\/carros\/castagniersmoulins\/wp-content\/uploads\/sites\/18\/2017\/10\/logo-Blanche-cm1-274x300.jpg\" alt=\"\" width=\"274\" height=\"300\" srcset=\"https:\/\/ecole.ac-nice.fr\/carros\/castagniersmoulins\/wp-content\/uploads\/sites\/18\/2017\/10\/logo-Blanche-cm1-274x300.jpg 274w, https:\/\/ecole.ac-nice.fr\/carros\/castagniersmoulins\/wp-content\/uploads\/sites\/18\/2017\/10\/logo-Blanche-cm1.jpg 464w\" sizes=\"auto, (max-width: 274px) 100vw, 274px\" \/><\/p>\n<p>&nbsp;<\/p>\n<p>&nbsp;<\/p>\n<p>&nbsp;<\/p>\n<p><strong>J<\/strong><\/p>\n<p>&nbsp;<\/p>\n<p>&nbsp;<\/p>\n<p>&nbsp;<\/p>\n<p>&nbsp;<\/p>\n<p><img loading=\"lazy\" decoding=\"async\" class=\"alignleft size-medium wp-image-399\" src=\"https:\/\/ecole.ac-nice.fr\/carros\/castagniersmoulins\/wp-content\/uploads\/sites\/18\/2017\/10\/logo-Audric-CM1164-300x208.jpg\" alt=\"\" width=\"300\" height=\"208\" srcset=\"https:\/\/ecole.ac-nice.fr\/carros\/castagniersmoulins\/wp-content\/uploads\/sites\/18\/2017\/10\/logo-Audric-CM1164-300x208.jpg 300w, https:\/\/ecole.ac-nice.fr\/carros\/castagniersmoulins\/wp-content\/uploads\/sites\/18\/2017\/10\/logo-Audric-CM1164-768x532.jpg 768w, https:\/\/ecole.ac-nice.fr\/carros\/castagniersmoulins\/wp-content\/uploads\/sites\/18\/2017\/10\/logo-Audric-CM1164-1024x710.jpg 1024w, https:\/\/ecole.ac-nice.fr\/carros\/castagniersmoulins\/wp-content\/uploads\/sites\/18\/2017\/10\/logo-Audric-CM1164.jpg 1118w\" sizes=\"auto, (max-width: 300px) 100vw, 300px\" \/><\/p>\n<p>&nbsp;<\/p>\n<p>&nbsp;<\/p>\n<p><strong>K<\/strong><\/p>\n<p>&nbsp;<\/p>\n<p>&nbsp;<\/p>\n<p>&nbsp;<\/p>\n<p><img loading=\"lazy\" decoding=\"async\" class=\"alignleft size-medium wp-image-398\" src=\"https:\/\/ecole.ac-nice.fr\/carros\/castagniersmoulins\/wp-content\/uploads\/sites\/18\/2017\/10\/logo-Ange\u0301lina-CE162-290x300.jpg\" alt=\"\" width=\"290\" height=\"300\" srcset=\"https:\/\/ecole.ac-nice.fr\/carros\/castagniersmoulins\/wp-content\/uploads\/sites\/18\/2017\/10\/logo-Ange\u0301lina-CE162-290x300.jpg 290w, https:\/\/ecole.ac-nice.fr\/carros\/castagniersmoulins\/wp-content\/uploads\/sites\/18\/2017\/10\/logo-Ange\u0301lina-CE162.jpg 563w\" sizes=\"auto, (max-width: 290px) 100vw, 290px\" \/><\/p>\n<p>&nbsp;<\/p>\n<p>&nbsp;<\/p>\n<p>&nbsp;<\/p>\n<p><strong>L<\/strong><\/p>\n<p>&nbsp;<\/p>\n<p>&nbsp;<\/p>\n<p>&nbsp;<\/p>\n<p><img loading=\"lazy\" decoding=\"async\" class=\"alignleft size-medium wp-image-401\" src=\"https:\/\/ecole.ac-nice.fr\/carros\/castagniersmoulins\/wp-content\/uploads\/sites\/18\/2017\/10\/Logo-e\u0301cole-DEWILDER-Kenzo-et-Maxence-1-217x300.jpg\" alt=\"\" width=\"217\" height=\"300\" srcset=\"https:\/\/ecole.ac-nice.fr\/carros\/castagniersmoulins\/wp-content\/uploads\/sites\/18\/2017\/10\/Logo-e\u0301cole-DEWILDER-Kenzo-et-Maxence-1-217x300.jpg 217w, https:\/\/ecole.ac-nice.fr\/carros\/castagniersmoulins\/wp-content\/uploads\/sites\/18\/2017\/10\/Logo-e\u0301cole-DEWILDER-Kenzo-et-Maxence-1.jpg 231w\" sizes=\"auto, (max-width: 217px) 100vw, 217px\" \/><\/p>\n<p>&nbsp;<\/p>\n<p>&nbsp;<\/p>\n<p><strong>M<\/strong><\/p>\n<p>&nbsp;<\/p>\n<p>&nbsp;<\/p>\n<p>&nbsp;<\/p>\n<p>&nbsp;<\/p>\n<p><a href=\"https:\/\/ecole.ac-nice.fr\/carros\/castagniersmoulins\/wp-content\/uploads\/sites\/18\/2017\/09\/Concourslogo.pdf\">Le r\u00e8glement du concours<\/a><\/p>\n<p>&nbsp;<\/p>\n","protected":false},"excerpt":{"rendered":"<p>Le logo de l&rsquo;\u00e9cole ! Le vote consultatif est termin\u00e9. Le jury a pris sa d\u00e9cision. 24 personnes ont particip\u00e9 au vote. Parmi les choix 1 et 2, 4 dessins sont particuli\u00e8rement ressortis : le J, le E, le I et le H. Mais toutes les propositions m\u00e9ritent des f\u00e9licitations ! Certaines ont \u00e9t\u00e9 r\u00e9alis\u00e9es &hellip; <a href=\"https:\/\/ecole.ac-nice.fr\/carros\/castagniersmoulins\/?p=411\" class=\"more-link\">Continuer la lecture de <span class=\"screen-reader-text\">Le logo de l&rsquo;\u00e9cole<\/span> <span class=\"meta-nav\">&rarr;<\/span><\/a><\/p>\n","protected":false},"author":9,"featured_media":0,"comment_status":"open","ping_status":"open","sticky":false,"template":"","format":"standard","meta":{"footnotes":""},"categories":[44],"tags":[],"class_list":["post-411","post","type-post","status-publish","format-standard","hentry","category-archives-2017-18"],"_links":{"self":[{"href":"https:\/\/ecole.ac-nice.fr\/carros\/castagniersmoulins\/index.php?rest_route=\/wp\/v2\/posts\/411","targetHints":{"allow":["GET"]}}],"collection":[{"href":"https:\/\/ecole.ac-nice.fr\/carros\/castagniersmoulins\/index.php?rest_route=\/wp\/v2\/posts"}],"about":[{"href":"https:\/\/ecole.ac-nice.fr\/carros\/castagniersmoulins\/index.php?rest_route=\/wp\/v2\/types\/post"}],"author":[{"embeddable":true,"href":"https:\/\/ecole.ac-nice.fr\/carros\/castagniersmoulins\/index.php?rest_route=\/wp\/v2\/users\/9"}],"replies":[{"embeddable":true,"href":"https:\/\/ecole.ac-nice.fr\/carros\/castagniersmoulins\/index.php?rest_route=%2Fwp%2Fv2%2Fcomments&post=411"}],"version-history":[{"count":10,"href":"https:\/\/ecole.ac-nice.fr\/carros\/castagniersmoulins\/index.php?rest_route=\/wp\/v2\/posts\/411\/revisions"}],"predecessor-version":[{"id":449,"href":"https:\/\/ecole.ac-nice.fr\/carros\/castagniersmoulins\/index.php?rest_route=\/wp\/v2\/posts\/411\/revisions\/449"}],"wp:attachment":[{"href":"https:\/\/ecole.ac-nice.fr\/carros\/castagniersmoulins\/index.php?rest_route=%2Fwp%2Fv2%2Fmedia&parent=411"}],"wp:term":[{"taxonomy":"category","embeddable":true,"href":"https:\/\/ecole.ac-nice.fr\/carros\/castagniersmoulins\/index.php?rest_route=%2Fwp%2Fv2%2Fcategories&post=411"},{"taxonomy":"post_tag","embeddable":true,"href":"https:\/\/ecole.ac-nice.fr\/carros\/castagniersmoulins\/index.php?rest_route=%2Fwp%2Fv2%2Ftags&post=411"}],"curies":[{"name":"wp","href":"https:\/\/api.w.org\/{rel}","templated":true}]}}