{"id":263,"date":"2017-07-20T10:59:02","date_gmt":"2017-07-20T08:59:02","guid":{"rendered":"http:\/\/ecole.ac-nice.fr\/carros\/castagniersmoulins\/?p=263"},"modified":"2020-07-04T16:18:29","modified_gmt":"2020-07-04T14:18:29","slug":"horaire-de-lecole","status":"publish","type":"post","link":"https:\/\/ecole.ac-nice.fr\/carros\/castagniersmoulins\/?p=263","title":{"rendered":"Horaire de l&rsquo;\u00e9cole"},"content":{"rendered":"<p><strong>Lundi, mardi, jeudi, vendredi :<\/strong><\/p>\n<p><strong>8h30 &#8211; 12h00<\/strong> (ouverture du portail de <strong>8h20<\/strong> \u00e0 8h30)<\/p>\n<p><strong>13h30 &#8211; 16h00<\/strong> (ouverture du portail de <strong>13h20<\/strong> \u00e0 13h30)<\/p>\n<p>&nbsp;<\/p>\n<p>La <strong>garderie<\/strong> est ouverte de 7h30 \u00e0 8h20 et de 16h00 \u00e0 18h00.<\/p>\n<hr \/>\n<p>&nbsp;<\/p>\n<p><strong><em>La directrice est d\u00e9charg\u00e9e le jeudi toute la journ\u00e9e.<\/em><\/strong><\/p>\n","protected":false},"excerpt":{"rendered":"<p>Lundi, mardi, jeudi, vendredi : 8h30 &#8211; 12h00 (ouverture du portail de 8h20 \u00e0 8h30) 13h30 &#8211; 16h00 (ouverture du portail de 13h20 \u00e0 13h30) &nbsp; La garderie est ouverte de 7h30 \u00e0 8h20 et de 16h00 \u00e0 18h00. &nbsp; La directrice est d\u00e9charg\u00e9e le jeudi toute la journ\u00e9e.<\/p>\n","protected":false},"author":9,"featured_media":0,"comment_status":"closed","ping_status":"closed","sticky":false,"template":"","format":"standard","meta":{"footnotes":""},"categories":[33],"tags":[],"class_list":["post-263","post","type-post","status-publish","format-standard","hentry","category-horaire-de-lecole"],"_links":{"self":[{"href":"https:\/\/ecole.ac-nice.fr\/carros\/castagniersmoulins\/index.php?rest_route=\/wp\/v2\/posts\/263","targetHints":{"allow":["GET"]}}],"collection":[{"href":"https:\/\/ecole.ac-nice.fr\/carros\/castagniersmoulins\/index.php?rest_route=\/wp\/v2\/posts"}],"about":[{"href":"https:\/\/ecole.ac-nice.fr\/carros\/castagniersmoulins\/index.php?rest_route=\/wp\/v2\/types\/post"}],"author":[{"embeddable":true,"href":"https:\/\/ecole.ac-nice.fr\/carros\/castagniersmoulins\/index.php?rest_route=\/wp\/v2\/users\/9"}],"replies":[{"embeddable":true,"href":"https:\/\/ecole.ac-nice.fr\/carros\/castagniersmoulins\/index.php?rest_route=%2Fwp%2Fv2%2Fcomments&post=263"}],"version-history":[{"count":5,"href":"https:\/\/ecole.ac-nice.fr\/carros\/castagniersmoulins\/index.php?rest_route=\/wp\/v2\/posts\/263\/revisions"}],"predecessor-version":[{"id":2165,"href":"https:\/\/ecole.ac-nice.fr\/carros\/castagniersmoulins\/index.php?rest_route=\/wp\/v2\/posts\/263\/revisions\/2165"}],"wp:attachment":[{"href":"https:\/\/ecole.ac-nice.fr\/carros\/castagniersmoulins\/index.php?rest_route=%2Fwp%2Fv2%2Fmedia&parent=263"}],"wp:term":[{"taxonomy":"category","embeddable":true,"href":"https:\/\/ecole.ac-nice.fr\/carros\/castagniersmoulins\/index.php?rest_route=%2Fwp%2Fv2%2Fcategories&post=263"},{"taxonomy":"post_tag","embeddable":true,"href":"https:\/\/ecole.ac-nice.fr\/carros\/castagniersmoulins\/index.php?rest_route=%2Fwp%2Fv2%2Ftags&post=263"}],"curies":[{"name":"wp","href":"https:\/\/api.w.org\/{rel}","templated":true}]}}