{"id":202,"date":"2017-06-21T19:27:02","date_gmt":"2017-06-21T17:27:02","guid":{"rendered":"http:\/\/ecole.ac-nice.fr\/carros\/castagniersmoulins\/?p=202"},"modified":"2025-07-06T14:48:55","modified_gmt":"2025-07-06T12:48:55","slug":"les-vacances-scolaires","status":"publish","type":"post","link":"https:\/\/ecole.ac-nice.fr\/carros\/castagniersmoulins\/?p=202","title":{"rendered":"Les vacances scolaires"},"content":{"rendered":"\n<h4 class=\"wp-block-heading\"><span style=\"color: #3366ff\"><strong>Nous sommes en zone B.<\/strong><\/span><\/h4>\n\n\n\n<p><span style=\"color: #3366ff\">Le d\u00e9part en vacances a lieu apr\u00e8s la classe, la reprise des cours le matin des jours indiqu\u00e9s.<\/span><\/p>\n\n\n\n<figure class=\"wp-block-image size-full\"><img decoding=\"async\" src=\"https:\/\/ecole.ac-nice.fr\/carros\/castagniersmoulins\/wp-content\/uploads\/sites\/18\/2017\/06\/I7715.jpg\" alt=\"\" class=\"wp-image-5175\" \/><\/figure>\n\n\n\n<p><\/p>\n\n\n\n<p>&nbsp;<\/p>\n\n\n\n<p>&nbsp;<\/p>\n","protected":false},"excerpt":{"rendered":"<p>Nous sommes en zone B. Le d\u00e9part en vacances a lieu apr\u00e8s la classe, la reprise des cours le matin des jours indiqu\u00e9s. &nbsp; &nbsp;<\/p>\n","protected":false},"author":9,"featured_media":0,"comment_status":"closed","ping_status":"closed","sticky":false,"template":"","format":"standard","meta":{"footnotes":""},"categories":[24],"tags":[],"class_list":["post-202","post","type-post","status-publish","format-standard","hentry","category-les-vacances-scolaires"],"_links":{"self":[{"href":"https:\/\/ecole.ac-nice.fr\/carros\/castagniersmoulins\/index.php?rest_route=\/wp\/v2\/posts\/202","targetHints":{"allow":["GET"]}}],"collection":[{"href":"https:\/\/ecole.ac-nice.fr\/carros\/castagniersmoulins\/index.php?rest_route=\/wp\/v2\/posts"}],"about":[{"href":"https:\/\/ecole.ac-nice.fr\/carros\/castagniersmoulins\/index.php?rest_route=\/wp\/v2\/types\/post"}],"author":[{"embeddable":true,"href":"https:\/\/ecole.ac-nice.fr\/carros\/castagniersmoulins\/index.php?rest_route=\/wp\/v2\/users\/9"}],"replies":[{"embeddable":true,"href":"https:\/\/ecole.ac-nice.fr\/carros\/castagniersmoulins\/index.php?rest_route=%2Fwp%2Fv2%2Fcomments&post=202"}],"version-history":[{"count":18,"href":"https:\/\/ecole.ac-nice.fr\/carros\/castagniersmoulins\/index.php?rest_route=\/wp\/v2\/posts\/202\/revisions"}],"predecessor-version":[{"id":5176,"href":"https:\/\/ecole.ac-nice.fr\/carros\/castagniersmoulins\/index.php?rest_route=\/wp\/v2\/posts\/202\/revisions\/5176"}],"wp:attachment":[{"href":"https:\/\/ecole.ac-nice.fr\/carros\/castagniersmoulins\/index.php?rest_route=%2Fwp%2Fv2%2Fmedia&parent=202"}],"wp:term":[{"taxonomy":"category","embeddable":true,"href":"https:\/\/ecole.ac-nice.fr\/carros\/castagniersmoulins\/index.php?rest_route=%2Fwp%2Fv2%2Fcategories&post=202"},{"taxonomy":"post_tag","embeddable":true,"href":"https:\/\/ecole.ac-nice.fr\/carros\/castagniersmoulins\/index.php?rest_route=%2Fwp%2Fv2%2Ftags&post=202"}],"curies":[{"name":"wp","href":"https:\/\/api.w.org\/{rel}","templated":true}]}}