{"id":220,"date":"2017-01-24T19:22:20","date_gmt":"2017-01-24T18:22:20","guid":{"rendered":"http:\/\/ecole.ac-nice.fr\/carros\/beuil\/?p=220"},"modified":"2017-01-24T19:27:38","modified_gmt":"2017-01-24T18:27:38","slug":"spectacle-de-fin-dannee-2015","status":"publish","type":"post","link":"https:\/\/ecole.ac-nice.fr\/carros\/beuil\/?p=220","title":{"rendered":"Spectacle de fin d&rsquo;ann\u00e9e 2015"},"content":{"rendered":"<p>L&rsquo;ann\u00e9e derni\u00e8re on a fait un petit spectacle en fin d&rsquo;ann\u00e9e. Nous, les CE1, CE2, CM1 et CM2 avec notre intervenant de musique nous avons\u00a0 invent\u00e9 une musique avec des gobelets et puis on l&rsquo;a montr\u00e9 au spectacle.<\/p>\n<p>Les maternelles ont fait une petite com\u00e9die musicale. Nous avons chant\u00e9 Cup song et fait notre musique. Il y avait des lampes de plusieurs couleurs : bleu,orange et blanc.<br \/>\nC&rsquo;\u00e9tait trop bien !!!!!!!!!<\/p>\n<p>&nbsp;<\/p>\n<p>Ecrit par Blanka<\/p>\n","protected":false},"excerpt":{"rendered":"<p>L&rsquo;ann\u00e9e derni\u00e8re on a fait un petit spectacle en fin d&rsquo;ann\u00e9e. Nous, les CE1, CE2, CM1 et CM2 avec notre intervenant de musique nous avons\u00a0 invent\u00e9 une musique avec des gobelets et puis on l&rsquo;a montr\u00e9 au spectacle. Les maternelles ont fait une petite com\u00e9die musicale. Nous avons chant\u00e9 Cup song et fait notre musique. &hellip; <a href=\"https:\/\/ecole.ac-nice.fr\/carros\/beuil\/?p=220\" class=\"more-link\">Continuer la lecture de <span class=\"screen-reader-text\">Spectacle de fin d&rsquo;ann\u00e9e 2015<\/span>  <span class=\"meta-nav\">&rarr;<\/span><\/a><\/p>\n","protected":false},"author":2,"featured_media":0,"comment_status":"open","ping_status":"open","sticky":false,"template":"","format":"standard","meta":{"footnotes":""},"categories":[22],"tags":[],"class_list":["post-220","post","type-post","status-publish","format-standard","hentry","category-annee1415"],"_links":{"self":[{"href":"https:\/\/ecole.ac-nice.fr\/carros\/beuil\/index.php?rest_route=\/wp\/v2\/posts\/220","targetHints":{"allow":["GET"]}}],"collection":[{"href":"https:\/\/ecole.ac-nice.fr\/carros\/beuil\/index.php?rest_route=\/wp\/v2\/posts"}],"about":[{"href":"https:\/\/ecole.ac-nice.fr\/carros\/beuil\/index.php?rest_route=\/wp\/v2\/types\/post"}],"author":[{"embeddable":true,"href":"https:\/\/ecole.ac-nice.fr\/carros\/beuil\/index.php?rest_route=\/wp\/v2\/users\/2"}],"replies":[{"embeddable":true,"href":"https:\/\/ecole.ac-nice.fr\/carros\/beuil\/index.php?rest_route=%2Fwp%2Fv2%2Fcomments&post=220"}],"version-history":[{"count":3,"href":"https:\/\/ecole.ac-nice.fr\/carros\/beuil\/index.php?rest_route=\/wp\/v2\/posts\/220\/revisions"}],"predecessor-version":[{"id":231,"href":"https:\/\/ecole.ac-nice.fr\/carros\/beuil\/index.php?rest_route=\/wp\/v2\/posts\/220\/revisions\/231"}],"wp:attachment":[{"href":"https:\/\/ecole.ac-nice.fr\/carros\/beuil\/index.php?rest_route=%2Fwp%2Fv2%2Fmedia&parent=220"}],"wp:term":[{"taxonomy":"category","embeddable":true,"href":"https:\/\/ecole.ac-nice.fr\/carros\/beuil\/index.php?rest_route=%2Fwp%2Fv2%2Fcategories&post=220"},{"taxonomy":"post_tag","embeddable":true,"href":"https:\/\/ecole.ac-nice.fr\/carros\/beuil\/index.php?rest_route=%2Fwp%2Fv2%2Ftags&post=220"}],"curies":[{"name":"wp","href":"https:\/\/api.w.org\/{rel}","templated":true}]}}