{"id":209,"date":"2017-01-24T19:13:36","date_gmt":"2017-01-24T18:13:36","guid":{"rendered":"http:\/\/ecole.ac-nice.fr\/carros\/beuil\/?p=209"},"modified":"2017-03-23T17:07:07","modified_gmt":"2017-03-23T16:07:07","slug":"commemoration-du-8-mai","status":"publish","type":"post","link":"https:\/\/ecole.ac-nice.fr\/carros\/beuil\/?p=209","title":{"rendered":"Comm\u00e9moration du 8 MAI"},"content":{"rendered":"<p><strong>Le dimanche 8 mai 2016 on f\u00eatera au monument aux morts la fin de la deuxi\u00e8me guerre mondiale.<\/strong><\/p>\n<p><strong><img loading=\"lazy\" decoding=\"async\" class=\"size-full wp-image-272 aligncenter\" src=\"https:\/\/ecole.ac-nice.fr\/carros\/beuil\/wp-content\/uploads\/sites\/12\/2017\/01\/photo_monument_au_mort.jpg\" alt=\"\" width=\"165\" height=\"220\" \/><\/strong><\/p>\n<p><strong>Ecrit par Damien<\/strong><\/p>\n","protected":false},"excerpt":{"rendered":"<p>Le dimanche 8 mai 2016 on f\u00eatera au monument aux morts la fin de la deuxi\u00e8me guerre mondiale. Ecrit par Damien<\/p>\n","protected":false},"author":2,"featured_media":0,"comment_status":"open","ping_status":"open","sticky":false,"template":"","format":"standard","meta":{"footnotes":""},"categories":[19],"tags":[],"class_list":["post-209","post","type-post","status-publish","format-standard","hentry","category-sorties"],"_links":{"self":[{"href":"https:\/\/ecole.ac-nice.fr\/carros\/beuil\/index.php?rest_route=\/wp\/v2\/posts\/209","targetHints":{"allow":["GET"]}}],"collection":[{"href":"https:\/\/ecole.ac-nice.fr\/carros\/beuil\/index.php?rest_route=\/wp\/v2\/posts"}],"about":[{"href":"https:\/\/ecole.ac-nice.fr\/carros\/beuil\/index.php?rest_route=\/wp\/v2\/types\/post"}],"author":[{"embeddable":true,"href":"https:\/\/ecole.ac-nice.fr\/carros\/beuil\/index.php?rest_route=\/wp\/v2\/users\/2"}],"replies":[{"embeddable":true,"href":"https:\/\/ecole.ac-nice.fr\/carros\/beuil\/index.php?rest_route=%2Fwp%2Fv2%2Fcomments&post=209"}],"version-history":[{"count":4,"href":"https:\/\/ecole.ac-nice.fr\/carros\/beuil\/index.php?rest_route=\/wp\/v2\/posts\/209\/revisions"}],"predecessor-version":[{"id":273,"href":"https:\/\/ecole.ac-nice.fr\/carros\/beuil\/index.php?rest_route=\/wp\/v2\/posts\/209\/revisions\/273"}],"wp:attachment":[{"href":"https:\/\/ecole.ac-nice.fr\/carros\/beuil\/index.php?rest_route=%2Fwp%2Fv2%2Fmedia&parent=209"}],"wp:term":[{"taxonomy":"category","embeddable":true,"href":"https:\/\/ecole.ac-nice.fr\/carros\/beuil\/index.php?rest_route=%2Fwp%2Fv2%2Fcategories&post=209"},{"taxonomy":"post_tag","embeddable":true,"href":"https:\/\/ecole.ac-nice.fr\/carros\/beuil\/index.php?rest_route=%2Fwp%2Fv2%2Ftags&post=209"}],"curies":[{"name":"wp","href":"https:\/\/api.w.org\/{rel}","templated":true}]}}