{"id":1652,"date":"2023-07-06T10:41:20","date_gmt":"2023-07-06T08:41:20","guid":{"rendered":"https:\/\/ecole.ac-nice.fr\/cagnes\/?p=1652"},"modified":"2023-07-06T10:41:22","modified_gmt":"2023-07-06T08:41:22","slug":"projets-artistiques-et-culturels-a-saint-laurent-du-var","status":"publish","type":"post","link":"https:\/\/ecole.ac-nice.fr\/cagnes\/blog\/2023\/07\/06\/projets-artistiques-et-culturels-a-saint-laurent-du-var\/","title":{"rendered":"Projets artistiques et culturels \u00e0 Saint Laurent du Var"},"content":{"rendered":"\n<p>Les projets artistiques et culturels sur la commune de Saint Laurent du Var ont \u00e9t\u00e9 mis \u00e0 l&rsquo;honneur cette ann\u00e9e sur le parvis de la mairie. La chorale d&rsquo;\u00e9cole de Michelis 2 et la classe orchestre de Castillon 2 nous ont offerts un tr\u00e8s beau spectacle. Bravo aux enfants, enseignants et intervenants pour ce beau travail.<\/p>\n\n\n\n<figure class=\"wp-block-image size-large\"><img loading=\"lazy\" decoding=\"async\" width=\"1024\" height=\"576\" src=\"https:\/\/ecole.ac-nice.fr\/cagnes\/wp-content\/uploads\/2023\/07\/DSC_2881-1024x576.jpg\" alt=\"\" class=\"wp-image-1653\" srcset=\"https:\/\/ecole.ac-nice.fr\/cagnes\/wp-content\/uploads\/2023\/07\/DSC_2881-1024x576.jpg 1024w, https:\/\/ecole.ac-nice.fr\/cagnes\/wp-content\/uploads\/2023\/07\/DSC_2881-300x169.jpg 300w, https:\/\/ecole.ac-nice.fr\/cagnes\/wp-content\/uploads\/2023\/07\/DSC_2881-768x432.jpg 768w, https:\/\/ecole.ac-nice.fr\/cagnes\/wp-content\/uploads\/2023\/07\/DSC_2881-1200x675.jpg 1200w, https:\/\/ecole.ac-nice.fr\/cagnes\/wp-content\/uploads\/2023\/07\/DSC_2881.jpg 1366w\" sizes=\"auto, (max-width: 709px) 85vw, (max-width: 909px) 67vw, (max-width: 1362px) 62vw, 840px\" \/><\/figure>\n\n\n\n<figure class=\"wp-block-image size-large\"><img loading=\"lazy\" decoding=\"async\" width=\"1024\" height=\"576\" src=\"https:\/\/ecole.ac-nice.fr\/cagnes\/wp-content\/uploads\/2023\/07\/jvmea6-1024x576.jpg\" alt=\"\" class=\"wp-image-1654\" srcset=\"https:\/\/ecole.ac-nice.fr\/cagnes\/wp-content\/uploads\/2023\/07\/jvmea6-1024x576.jpg 1024w, https:\/\/ecole.ac-nice.fr\/cagnes\/wp-content\/uploads\/2023\/07\/jvmea6-300x169.jpg 300w, https:\/\/ecole.ac-nice.fr\/cagnes\/wp-content\/uploads\/2023\/07\/jvmea6-768x432.jpg 768w, https:\/\/ecole.ac-nice.fr\/cagnes\/wp-content\/uploads\/2023\/07\/jvmea6-1200x675.jpg 1200w, https:\/\/ecole.ac-nice.fr\/cagnes\/wp-content\/uploads\/2023\/07\/jvmea6.jpg 1366w\" sizes=\"auto, (max-width: 709px) 85vw, (max-width: 909px) 67vw, (max-width: 1362px) 62vw, 840px\" \/><\/figure>\n\n\n\n<figure class=\"wp-block-image size-large\"><img loading=\"lazy\" decoding=\"async\" width=\"1024\" height=\"576\" src=\"https:\/\/ecole.ac-nice.fr\/cagnes\/wp-content\/uploads\/2023\/07\/DSC_2887-1024x576.jpg\" alt=\"\" class=\"wp-image-1655\" srcset=\"https:\/\/ecole.ac-nice.fr\/cagnes\/wp-content\/uploads\/2023\/07\/DSC_2887-1024x576.jpg 1024w, https:\/\/ecole.ac-nice.fr\/cagnes\/wp-content\/uploads\/2023\/07\/DSC_2887-300x169.jpg 300w, https:\/\/ecole.ac-nice.fr\/cagnes\/wp-content\/uploads\/2023\/07\/DSC_2887-768x432.jpg 768w, https:\/\/ecole.ac-nice.fr\/cagnes\/wp-content\/uploads\/2023\/07\/DSC_2887-1200x675.jpg 1200w, https:\/\/ecole.ac-nice.fr\/cagnes\/wp-content\/uploads\/2023\/07\/DSC_2887.jpg 1366w\" sizes=\"auto, (max-width: 709px) 85vw, (max-width: 909px) 67vw, (max-width: 1362px) 62vw, 840px\" \/><\/figure>\n","protected":false},"excerpt":{"rendered":"<p>Les projets artistiques et culturels sur la commune de Saint Laurent du Var ont \u00e9t\u00e9 mis \u00e0 l&rsquo;honneur cette ann\u00e9e sur le parvis de la mairie. La chorale d&rsquo;\u00e9cole de Michelis 2 et la classe orchestre de Castillon 2 nous ont offerts un tr\u00e8s beau spectacle. Bravo aux enfants, enseignants et intervenants pour ce beau &hellip; <a href=\"https:\/\/ecole.ac-nice.fr\/cagnes\/blog\/2023\/07\/06\/projets-artistiques-et-culturels-a-saint-laurent-du-var\/\" class=\"more-link\">Continuer la lecture<span class=\"screen-reader-text\"> de &laquo;&nbsp;Projets artistiques et culturels \u00e0 Saint Laurent du Var&nbsp;&raquo;<\/span><\/a><\/p>\n","protected":false},"author":4,"featured_media":0,"comment_status":"closed","ping_status":"closed","sticky":false,"template":"","format":"standard","meta":{"footnotes":""},"categories":[92],"tags":[99],"class_list":["post-1652","post","type-post","status-publish","format-standard","hentry","category-blog","tag-st-laurent"],"_links":{"self":[{"href":"https:\/\/ecole.ac-nice.fr\/cagnes\/wp-json\/wp\/v2\/posts\/1652","targetHints":{"allow":["GET"]}}],"collection":[{"href":"https:\/\/ecole.ac-nice.fr\/cagnes\/wp-json\/wp\/v2\/posts"}],"about":[{"href":"https:\/\/ecole.ac-nice.fr\/cagnes\/wp-json\/wp\/v2\/types\/post"}],"author":[{"embeddable":true,"href":"https:\/\/ecole.ac-nice.fr\/cagnes\/wp-json\/wp\/v2\/users\/4"}],"replies":[{"embeddable":true,"href":"https:\/\/ecole.ac-nice.fr\/cagnes\/wp-json\/wp\/v2\/comments?post=1652"}],"version-history":[{"count":2,"href":"https:\/\/ecole.ac-nice.fr\/cagnes\/wp-json\/wp\/v2\/posts\/1652\/revisions"}],"predecessor-version":[{"id":1658,"href":"https:\/\/ecole.ac-nice.fr\/cagnes\/wp-json\/wp\/v2\/posts\/1652\/revisions\/1658"}],"wp:attachment":[{"href":"https:\/\/ecole.ac-nice.fr\/cagnes\/wp-json\/wp\/v2\/media?parent=1652"}],"wp:term":[{"taxonomy":"category","embeddable":true,"href":"https:\/\/ecole.ac-nice.fr\/cagnes\/wp-json\/wp\/v2\/categories?post=1652"},{"taxonomy":"post_tag","embeddable":true,"href":"https:\/\/ecole.ac-nice.fr\/cagnes\/wp-json\/wp\/v2\/tags?post=1652"}],"curies":[{"name":"wp","href":"https:\/\/api.w.org\/{rel}","templated":true}]}}