{"id":5535,"date":"2024-09-24T23:33:51","date_gmt":"2024-09-24T21:33:51","guid":{"rendered":"https:\/\/ecole.ac-nice.fr\/antibes\/?p=5535"},"modified":"2025-12-05T13:52:27","modified_gmt":"2025-12-05T12:52:27","slug":"annee-scolaire-2024-25","status":"publish","type":"post","link":"https:\/\/ecole.ac-nice.fr\/antibes\/?p=5535","title":{"rendered":"Ann\u00e9e scolaire 2024-25"},"content":{"rendered":"<p><strong><em>Cliquer sur les titres pour ouvrir les pages des articles.<\/em><\/strong><\/p>\n<p style=\"text-align: center\"><span style=\"font-size: 14pt;color: #ff6600\"><strong>La Grande Lessive (mars 2025)<\/strong><\/span><\/p>\n<p style=\"text-align: center\">th\u00e8me <strong>Du papier, des papiers, vos papiers<\/strong><\/p>\n<p style=\"text-align: center\">\u00e9cole <span style=\"color: #3366ff\"><a style=\"color: #3366ff\" href=\"https:\/\/ecole.ac-nice.fr\/antibes\/?p=5956&amp;preview=true\" target=\"_blank\" rel=\"noopener\">Peynet<\/a> &#8211; <\/span>\u00e9cole <a href=\"https:\/\/ecole.ac-nice.fr\/antibes\/?p=5987\" target=\"_blank\" rel=\"noopener\"><span style=\"color: #3366ff\">maternelle Laval <\/span><\/a>&#8211; \u00e9cole<a href=\"https:\/\/ecole.ac-nice.fr\/antibes\/?p=6010\" target=\"_blank\" rel=\"noopener\"><span style=\"color: #3366ff\"> Roger Cardi <\/span><\/a>&#8211; \u00e9cole<a href=\"https:\/\/ecole.ac-nice.fr\/antibes\/?p=6058\" target=\"_blank\" rel=\"noopener\"><span style=\"color: #3366ff\"> Jacques Pr\u00e9vert <\/span><\/a>&#8211; \u00e9cole du<a href=\"https:\/\/ecole.ac-nice.fr\/antibes\/?p=6102\" target=\"_blank\" rel=\"noopener\"><span style=\"color: #3366ff\"> Ponteil<\/span><\/a><\/p>\n<p><img decoding=\"async\" class=\"alignnone\" src=\"https:\/\/ecole.ac-nice.fr\/antibes\/wp-content\/uploads\/2025\/04\/20250320_080121.jpg\" \/><\/p>\n<hr \/>\n<p style=\"text-align: center\"><span style=\"color: #999999\"><strong><span style=\"font-size: 14pt\">Dis-moi 10 mots (restitution 18 mars 2025 \u00e0 l&rsquo;Azur Arena)<\/span><\/strong><\/span><\/p>\n<p style=\"text-align: center\">Projet d&rsquo;\u00e9criture national, d\u00e9clin\u00e9 pour Antibes en partenariat avec la mairie, qui a mis \u00e0 disposition des enfants (temps scolaires, p\u00e9riscolaires et extrascolaires) des artistes pour cr\u00e9er des chants, des po\u00e9sies et des slams, en utilisant des mots impos\u00e9s.<\/p>\n<p style=\"text-align: center\">Cette ann\u00e9e les mots \u00e9taient : biome, butiner, canop\u00e9e, cons\u00e9conscient, d\u00e9brousser, empreinte, glaner, palmeraie, solaire, vivant + le mot de la mairie : posidonie.<\/p>\n<p><img loading=\"lazy\" decoding=\"async\" class=\"aligncenter\" src=\"https:\/\/ecole.ac-nice.fr\/antibes\/wp-content\/uploads\/2025\/04\/IMG_0423-web.jpg\" width=\"330\" height=\"409\" \/><\/p>\n<hr \/>\n<p style=\"text-align: center\"><span style=\"color: #ffff00\"><strong><span style=\"font-size: 14pt\">L&rsquo;\u00e9cole des Sharks (4 mars 2025)<\/span><\/strong><\/span><\/p>\n<p style=\"text-align: center\">\u00e0 Azur Arena<\/p>\n<p style=\"text-align: center\">1 classe Pont Dulys, 3 classes La Tourni\u00e8re<\/p>\n<p><img loading=\"lazy\" decoding=\"async\" class=\"\" src=\"https:\/\/ecole.ac-nice.fr\/antibes\/wp-content\/uploads\/2025\/03\/IMG_2605.jpeg\" width=\"296\" height=\"222\" \/> <img loading=\"lazy\" decoding=\"async\" class=\"\" src=\"https:\/\/ecole.ac-nice.fr\/antibes\/wp-content\/uploads\/2025\/03\/IMG_2544.jpeg\" width=\"301\" height=\"226\" \/><\/p>\n<hr \/>\n<p style=\"text-align: center\"><span style=\"font-size: 14pt;color: #cc99ff\"><strong>Prix Non Au Harc\u00e8lement<\/strong><\/span><\/p>\n<p style=\"text-align: center\">affiche r\u00e9alis\u00e9e par la classe de CE2 de l&rsquo;\u00e9cole Laval 1<\/p>\n<p><img loading=\"lazy\" decoding=\"async\" class=\"aligncenter\" src=\"https:\/\/ecole.ac-nice.fr\/antibes\/wp-content\/uploads\/2025\/04\/affiche_0060119X_ecole_LAVAL1_antibes.jpg\" width=\"456\" height=\"645\" \/><\/p>\n<hr \/>\n<p style=\"text-align: center\"><a href=\"https:\/\/ecole.ac-nice.fr\/antibes\/?p=5853&amp;preview=true\" target=\"_blank\" rel=\"noopener\"><span style=\"color: #00ff00\"><strong><span style=\"font-size: 14pt\">La journ\u00e9e des risques majeurs (12 d\u00e9cembre 2024)<\/span><\/strong><\/span><\/a><\/p>\n<p style=\"text-align: center\">aux Espaces du Fort carr\u00e9<\/p>\n<p style=\"text-align: center\">classes des \u00e9coles Ponteil, la Tourni\u00e8re, Fontonne, Pr\u00e9vert et Saint Maymes<\/p>\n<p style=\"text-align: center\"><a href=\"https:\/\/ecole.ac-nice.fr\/antibes\/?p=5853&amp;preview=true\" target=\"_blank\" rel=\"noopener\"><img loading=\"lazy\" decoding=\"async\" class=\"\" src=\"https:\/\/ecole.ac-nice.fr\/antibes\/wp-content\/uploads\/2025\/01\/IMG_6155.jpg\" width=\"452\" height=\"339\" \/><\/a><\/p>\n<hr \/>\n<p style=\"text-align: center\"><a href=\"https:\/\/ecole.ac-nice.fr\/antibes\/?p=6075\" target=\"_blank\" rel=\"noopener\"><span style=\"font-size: 14pt;color: #ffff00\"><strong>Atelier c\u00e9ramique au mus\u00e9e Picasso d&rsquo;Antibes (fin novembre 2024)<\/strong><\/span><\/a><\/p>\n<p style=\"text-align: center\">\u00e9cole Guynemer<\/p>\n<p style=\"text-align: center\"><a href=\"https:\/\/ecole.ac-nice.fr\/antibes\/?p=6075\" target=\"_blank\" rel=\"noopener\"><img loading=\"lazy\" decoding=\"async\" class=\"\" src=\"https:\/\/ecole.ac-nice.fr\/antibes\/wp-content\/uploads\/2025\/04\/PHOTO-2024-11-27-16-00-01.jpg\" width=\"447\" height=\"335\" \/><\/a><\/p>\n<hr \/>\n<p style=\"text-align: center\"><span style=\"color: #ff00ff\"><strong><span style=\"font-size: 14pt\"><a href=\"https:\/\/ecole.ac-nice.fr\/antibes\/wp-content\/uploads\/2024\/11\/IMG_9486.jpg\" target=\"_blank\" rel=\"noopener\"><span style=\"color: #ff00ff\">Le salon du livre jeunesse<\/span><\/a> (15 novembre 2024 pour les scolaires)<\/span><\/strong><\/span><\/p>\n<p style=\"text-align: center\"><a href=\"https:\/\/ecole.ac-nice.fr\/antibes\/wp-content\/uploads\/2024\/11\/IMG_9486.jpg\" target=\"_blank\" rel=\"noopener\"><img loading=\"lazy\" decoding=\"async\" class=\"\" src=\"https:\/\/ecole.ac-nice.fr\/antibes\/wp-content\/uploads\/2024\/11\/IMG_9486.jpg\" width=\"287\" height=\"383\" \/><\/a><\/p>\n<p style=\"text-align: center\">\u00e9coles Ponteil, Guillaume Musso, Boissier, Fontonne<\/p>\n<hr \/>\n<p style=\"text-align: center\"><span style=\"color: #ff6600\"><strong><span style=\"font-size: 14pt\">La Grande Lessive (reports novembre 2024)<\/span><\/strong><\/span><\/p>\n<p style=\"text-align: center\">th\u00e8me :<strong> Pareil, pas pareil<\/strong><\/p>\n<p style=\"text-align: center\">\u00e9cole <span style=\"color: #3366ff\"><a style=\"color: #3366ff\" href=\"https:\/\/ecole.ac-nice.fr\/antibes\/?p=5664\" target=\"_blank\" rel=\"noopener\">Roger Cardi<\/a><\/span> (7 novembre), <span style=\"color: #3366ff\"><a style=\"color: #3366ff\" href=\"https:\/\/ecole.ac-nice.fr\/antibes\/?p=5819&amp;preview=true\" target=\"_blank\" rel=\"noopener\">maternelle Saint Maymes<\/a><\/span> (7 novembre), <span style=\"color: #3366ff\"><a style=\"color: #3366ff\" href=\"https:\/\/ecole.ac-nice.fr\/antibes\/?p=5702\" target=\"_blank\" rel=\"noopener\">Pr\u00e9vert<\/a><\/span> (8 novembre), <span style=\"color: #3366ff\"><a style=\"color: #3366ff\" href=\"https:\/\/ecole.ac-nice.fr\/antibes\/?p=5764\" target=\"_blank\" rel=\"noopener\">Guynemer<\/a><\/span> (8 novembre)<\/p>\n<p style=\"text-align: center\"><img loading=\"lazy\" decoding=\"async\" class=\"\" src=\"https:\/\/ecole.ac-nice.fr\/antibes\/wp-content\/uploads\/2024\/11\/IMG_0526.jpg\" width=\"524\" height=\"393\" \/><\/p>\n<hr \/>\n<p style=\"text-align: center\"><a href=\"https:\/\/ecole.ac-nice.fr\/antibes\/?p=5640&amp;preview=true\" target=\"_blank\" rel=\"noopener\"><span style=\"color: #00ccff\"><strong><span style=\"font-size: 14pt\">La journ\u00e9e Non Au Harc\u00e8lement (7 novembre 2024)<\/span><\/strong><\/span><\/a><\/p>\n<p style=\"text-align: center\">\u00e9cole <span style=\"color: #3366ff\"><a style=\"color: #3366ff\" href=\"https:\/\/ecole.ac-nice.fr\/antibes\/?p=5741\" target=\"_blank\" rel=\"noopener\">Pont Dulys<\/a><\/span><\/p>\n<p style=\"text-align: center\"><a href=\"https:\/\/ecole.ac-nice.fr\/antibes\/?p=5741\" target=\"_blank\" rel=\"noopener\"><img loading=\"lazy\" decoding=\"async\" class=\"\" src=\"https:\/\/ecole.ac-nice.fr\/antibes\/wp-content\/uploads\/2024\/11\/CHARTE-15.jpg\" width=\"432\" height=\"288\" \/><\/a><\/p>\n<p style=\"text-align: center\">\u00e9coles <span style=\"color: #3366ff\"><a style=\"color: #3366ff\" href=\"https:\/\/ecole.ac-nice.fr\/antibes\/?p=5640&amp;preview=true\" target=\"_blank\" rel=\"noopener\"><span style=\"color: #0000ff\">Laval 1<\/span><\/a><\/span> et\u00a0 Laval 2 (photo ci-dessous)<\/p>\n<p><img loading=\"lazy\" decoding=\"async\" class=\"aligncenter\" src=\"https:\/\/ecole.ac-nice.fr\/antibes\/wp-content\/uploads\/2024\/11\/NAH-laval-2.jpg\" width=\"474\" height=\"355\" \/><\/p>\n<hr \/>\n<p style=\"text-align: center\"><a href=\"https:\/\/ecole.ac-nice.fr\/antibes\/?p=5603&amp;preview=true\" target=\"_blank\" rel=\"noopener\"><span style=\"color: #ff6600\"><strong><span style=\"font-size: 14pt\">La Grande Lessive (15 octobre 2024)<\/span><\/strong><\/span><\/a><\/p>\n<p style=\"text-align: center\">th\u00e8me :<strong> Pareil, pas pareil<\/strong><\/p>\n<p style=\"text-align: center\">\u00e9cole maternelle Laval<\/p>\n<p style=\"text-align: center\"><a href=\"https:\/\/ecole.ac-nice.fr\/antibes\/?p=5603&amp;preview=true\" target=\"_blank\" rel=\"noopener\"><img loading=\"lazy\" decoding=\"async\" class=\"\" src=\"https:\/\/ecole.ac-nice.fr\/antibes\/wp-content\/uploads\/2024\/10\/IMG_9112.jpg\" width=\"439\" height=\"585\" \/><\/a><\/p>\n<hr \/>\n<p style=\"text-align: center\"><a href=\"https:\/\/ecole.ac-nice.fr\/antibes\/?p=5565\" target=\"_blank\" rel=\"noopener\"><span style=\"font-size: 14pt;color: #3366ff\"><strong>Les ULTIM (4 octobre 2024) au Port Vauban<\/strong><\/span><\/a><\/p>\n<p style=\"text-align: center\">classes du Ponteil, Guynemer et Laval 1<\/p>\n<p><a href=\"https:\/\/ecole.ac-nice.fr\/antibes\/?p=5565\" target=\"_blank\" rel=\"noopener\"><img loading=\"lazy\" decoding=\"async\" class=\"aligncenter\" src=\"https:\/\/ecole.ac-nice.fr\/antibes\/wp-content\/uploads\/2024\/10\/IMG_5465.jpg\" width=\"362\" height=\"483\" \/><\/a><\/p>\n<hr \/>\n<p style=\"text-align: center\"><strong><a href=\"https:\/\/ecole.ac-nice.fr\/antibes\/?p=5539&amp;preview=true\" target=\"_blank\" rel=\"noopener\"><span style=\"color: #ff0000;font-size: 14pt\">Ecole au port Galice (20 septembre 2024)<\/span><\/a><br \/>\n<\/strong><\/p>\n<p style=\"text-align: center\">\u00a0classes de l&rsquo;\u00e9cole Guillaume Musso<a href=\"https:\/\/ecole.ac-nice.fr\/antibes\/?p=5539&amp;preview=true\" target=\"_blank\" rel=\"noopener\"><img decoding=\"async\" class=\"aligncenter\" src=\"https:\/\/ecole.ac-nice.fr\/antibes\/wp-content\/uploads\/2024\/09\/atelier-tortue-web.jpg\" \/><\/a><\/p>\n","protected":false},"excerpt":{"rendered":"<p>Cliquer sur les titres pour ouvrir les pages des articles. La Grande Lessive (mars 2025) th\u00e8me Du papier, des papiers, vos papiers \u00e9cole Peynet &#8211; \u00e9cole maternelle Laval &#8211; \u00e9cole Roger Cardi &#8211; \u00e9cole Jacques Pr\u00e9vert &#8211; \u00e9cole du Ponteil Dis-moi 10 mots (restitution 18 mars 2025 \u00e0 l&rsquo;Azur Arena) Projet d&rsquo;\u00e9criture national, d\u00e9clin\u00e9 pour &hellip; <a href=\"https:\/\/ecole.ac-nice.fr\/antibes\/?p=5535\" class=\"more-link\">Continuer la lecture de <span class=\"screen-reader-text\">Ann\u00e9e scolaire 2024-25<\/span> <span class=\"meta-nav\">&rarr;<\/span><\/a><\/p>\n","protected":false},"author":49,"featured_media":0,"comment_status":"closed","ping_status":"closed","sticky":false,"template":"","format":"standard","meta":{"footnotes":""},"categories":[1],"tags":[],"class_list":["post-5535","post","type-post","status-publish","format-standard","hentry","category-non-classe"],"_links":{"self":[{"href":"https:\/\/ecole.ac-nice.fr\/antibes\/index.php?rest_route=\/wp\/v2\/posts\/5535","targetHints":{"allow":["GET"]}}],"collection":[{"href":"https:\/\/ecole.ac-nice.fr\/antibes\/index.php?rest_route=\/wp\/v2\/posts"}],"about":[{"href":"https:\/\/ecole.ac-nice.fr\/antibes\/index.php?rest_route=\/wp\/v2\/types\/post"}],"author":[{"embeddable":true,"href":"https:\/\/ecole.ac-nice.fr\/antibes\/index.php?rest_route=\/wp\/v2\/users\/49"}],"replies":[{"embeddable":true,"href":"https:\/\/ecole.ac-nice.fr\/antibes\/index.php?rest_route=%2Fwp%2Fv2%2Fcomments&post=5535"}],"version-history":[{"count":45,"href":"https:\/\/ecole.ac-nice.fr\/antibes\/index.php?rest_route=\/wp\/v2\/posts\/5535\/revisions"}],"predecessor-version":[{"id":6278,"href":"https:\/\/ecole.ac-nice.fr\/antibes\/index.php?rest_route=\/wp\/v2\/posts\/5535\/revisions\/6278"}],"wp:attachment":[{"href":"https:\/\/ecole.ac-nice.fr\/antibes\/index.php?rest_route=%2Fwp%2Fv2%2Fmedia&parent=5535"}],"wp:term":[{"taxonomy":"category","embeddable":true,"href":"https:\/\/ecole.ac-nice.fr\/antibes\/index.php?rest_route=%2Fwp%2Fv2%2Fcategories&post=5535"},{"taxonomy":"post_tag","embeddable":true,"href":"https:\/\/ecole.ac-nice.fr\/antibes\/index.php?rest_route=%2Fwp%2Fv2%2Ftags&post=5535"}],"curies":[{"name":"wp","href":"https:\/\/api.w.org\/{rel}","templated":true}]}}