{"id":2828,"date":"2021-09-23T22:07:32","date_gmt":"2021-09-23T20:07:32","guid":{"rendered":"https:\/\/ecole.ac-nice.fr\/antibes\/?p=2828"},"modified":"2025-09-14T20:36:28","modified_gmt":"2025-09-14T18:36:28","slug":"elections-des-parents","status":"publish","type":"post","link":"https:\/\/ecole.ac-nice.fr\/antibes\/?p=2828","title":{"rendered":"Elections des parents"},"content":{"rendered":"<p><a href=\"https:\/\/nuage03.apps.education.fr\/index.php\/s\/zAmztnYr6BA2Tjt\" target=\"_blank\" rel=\"noopener\"><span style=\"color: #3366ff\">Guide pratique<\/span><\/a><\/p>\n<p style=\"text-align: center\"><span style=\"font-size: 18pt\"><strong>Campagne 2025-26<\/strong><\/span><\/p>\n<p><span style=\"color: #3366ff\"><a style=\"color: #3366ff\" href=\"https:\/\/ecole.ac-nice.fr\/antibes\/wp-content\/uploads\/2025\/09\/2025-Circulaire-elections-parents-1D.pdf\" target=\"_blank\" rel=\"noopener\">Circulaire<\/a><\/span><\/p>\n<p><a href=\"https:\/\/ecole.ac-nice.fr\/antibes\/wp-content\/uploads\/2025\/09\/2025-Annexe-1-Declaration-des-candidatures.doc\" target=\"_blank\" rel=\"noopener\"><span style=\"color: #3366ff\">Annexe 1 &#8211; d\u00e9claration des candidatures<\/span><\/a><\/p>\n<p><a href=\"https:\/\/ecole.ac-nice.fr\/antibes\/wp-content\/uploads\/2025\/09\/2025-Annexe-2-Liste-des-candidats.doc\" target=\"_blank\" rel=\"noopener\"><span style=\"color: #3366ff\">Annexe 2 &#8211; liste candidatures<\/span><\/a><\/p>\n<p><a href=\"https:\/\/ecole.ac-nice.fr\/antibes\/wp-content\/uploads\/2025\/09\/2025-Annexe-3-Note-a-lattention-des-parents-deleves.doc\" target=\"_blank\" rel=\"noopener\"><span style=\"color: #3366ff\"><span style=\"color: #3366ff\">Annexe 3 &#8211; note \u00e0 l&rsquo;attention des parents<\/span><\/span><\/a><\/p>\n<p><a href=\"https:\/\/ecole.ac-nice.fr\/antibes\/wp-content\/uploads\/2025\/09\/2025-Annexe-4-Le-Mediateur-academique.doc\" target=\"_blank\" rel=\"noopener\"><span style=\"color: #3366ff\">Annexe 4 &#8211; le m\u00e9diateur acad\u00e9mique<\/span><\/a><\/p>\n<p><span style=\"color: #3366ff\"><a style=\"color: #3366ff\" href=\"https:\/\/ecole.ac-nice.fr\/antibes\/wp-content\/uploads\/2025\/09\/2025-\u2013-Calendrier-indicatif-des-elections.pdf\" target=\"_blank\" rel=\"noopener\">Annexe 5 &#8211; calendrier indicatif<\/a><\/span><\/p>\n<p><span style=\"color: #3366ff\"><a style=\"color: #3366ff\" href=\"https:\/\/ecole.ac-nice.fr\/antibes\/wp-content\/uploads\/2025\/09\/2025-La-lettre-de-IA-DASEN-aux-parents.doc\" target=\"_blank\" rel=\"noopener\">Lettre IA DASEN aux parents<\/a><\/span><\/p>\n<p><span style=\"color: #3366ff\"><a style=\"color: #3366ff\" href=\"https:\/\/ecole.ac-nice.fr\/antibes\/wp-content\/uploads\/2024\/09\/2024-Annexe-relative-a-la-saisie-dans-ECECA-2-1.pdf\" target=\"_blank\" rel=\"noopener\">Annexe relative \u00e0 la saisie dans ECECA<\/a><\/span><\/p>\n<p><a href=\"https:\/\/ecole.ac-nice.fr\/antibes\/wp-content\/uploads\/2025\/09\/Annexe-technique-Mise-en-oeuvre-du-vote-par-voie-electronique.pdf\" target=\"_blank\" rel=\"noopener\"><span style=\"color: #3366ff\">Annexe technique : mise en oeuvre du vote par voie \u00e9lectronique<\/span><\/a><\/p>\n<p><span style=\"color: #3366ff\"><a style=\"color: #3366ff\" href=\"https:\/\/ecole.ac-nice.fr\/antibes\/wp-content\/uploads\/2021\/09\/Doc-de-synthese-FAQ_elections_parents.pdf\" target=\"_blank\" rel=\"noopener\">Synth\u00e8se FAQ<\/a><\/span><\/p>\n<p><span style=\"color: #3366ff\"><a style=\"color: #3366ff\" href=\"https:\/\/ecole.ac-nice.fr\/antibes\/wp-content\/uploads\/2021\/09\/ECECA_guide_Directeur_Chef_Etablissement.pdf\" target=\"_blank\" rel=\"noopener\">Guide ECECA<\/a><\/span><\/p>\n<p>&nbsp;<\/p>\n","protected":false},"excerpt":{"rendered":"<p>Guide pratique Campagne 2025-26 Circulaire Annexe 1 &#8211; d\u00e9claration des candidatures Annexe 2 &#8211; liste candidatures Annexe 3 &#8211; note \u00e0 l&rsquo;attention des parents Annexe 4 &#8211; le m\u00e9diateur acad\u00e9mique Annexe 5 &#8211; calendrier indicatif Lettre IA DASEN aux parents Annexe relative \u00e0 la saisie dans ECECA Annexe technique : mise en oeuvre du vote &hellip; <a href=\"https:\/\/ecole.ac-nice.fr\/antibes\/?p=2828\" class=\"more-link\">Continuer la lecture de <span class=\"screen-reader-text\">Elections des parents<\/span> <span class=\"meta-nav\">&rarr;<\/span><\/a><\/p>\n","protected":false},"author":49,"featured_media":0,"comment_status":"closed","ping_status":"closed","sticky":false,"template":"","format":"standard","meta":{"footnotes":""},"categories":[66],"tags":[],"class_list":["post-2828","post","type-post","status-publish","format-standard","hentry","category-directeurs"],"_links":{"self":[{"href":"https:\/\/ecole.ac-nice.fr\/antibes\/index.php?rest_route=\/wp\/v2\/posts\/2828","targetHints":{"allow":["GET"]}}],"collection":[{"href":"https:\/\/ecole.ac-nice.fr\/antibes\/index.php?rest_route=\/wp\/v2\/posts"}],"about":[{"href":"https:\/\/ecole.ac-nice.fr\/antibes\/index.php?rest_route=\/wp\/v2\/types\/post"}],"author":[{"embeddable":true,"href":"https:\/\/ecole.ac-nice.fr\/antibes\/index.php?rest_route=\/wp\/v2\/users\/49"}],"replies":[{"embeddable":true,"href":"https:\/\/ecole.ac-nice.fr\/antibes\/index.php?rest_route=%2Fwp%2Fv2%2Fcomments&post=2828"}],"version-history":[{"count":12,"href":"https:\/\/ecole.ac-nice.fr\/antibes\/index.php?rest_route=\/wp\/v2\/posts\/2828\/revisions"}],"predecessor-version":[{"id":6224,"href":"https:\/\/ecole.ac-nice.fr\/antibes\/index.php?rest_route=\/wp\/v2\/posts\/2828\/revisions\/6224"}],"wp:attachment":[{"href":"https:\/\/ecole.ac-nice.fr\/antibes\/index.php?rest_route=%2Fwp%2Fv2%2Fmedia&parent=2828"}],"wp:term":[{"taxonomy":"category","embeddable":true,"href":"https:\/\/ecole.ac-nice.fr\/antibes\/index.php?rest_route=%2Fwp%2Fv2%2Fcategories&post=2828"},{"taxonomy":"post_tag","embeddable":true,"href":"https:\/\/ecole.ac-nice.fr\/antibes\/index.php?rest_route=%2Fwp%2Fv2%2Ftags&post=2828"}],"curies":[{"name":"wp","href":"https:\/\/api.w.org\/{rel}","templated":true}]}}