{"id":2565,"date":"2021-04-02T18:02:42","date_gmt":"2021-04-02T16:02:42","guid":{"rendered":"https:\/\/ecole.ac-nice.fr\/antibes\/?p=2565"},"modified":"2021-04-02T18:02:42","modified_gmt":"2021-04-02T16:02:42","slug":"mise-en-place-de-la-continuite-pedagogique-avril-2021","status":"publish","type":"post","link":"https:\/\/ecole.ac-nice.fr\/antibes\/?p=2565","title":{"rendered":"Mise en place de la continuit\u00e9 p\u00e9dagogique : avril 2021"},"content":{"rendered":"<p>Vous trouverez les ressources du Minist\u00e8re en suivant le lien ci-dessous:<\/p>\n<p><a href=\"https:\/\/eduscol.education.fr\/1989\/continuite-pedagogique-dans-le-premier-degre\"><span style=\"color: #0000ff\">https:\/\/eduscol.education.fr\/1989\/continuite-pedagogique-dans-le-premier-degre<\/span><\/a><\/p>\n<p>Vous trouverez \u00e9galement la FAQ de la continuit\u00e9 p\u00e9dagogique:<\/p>\n<p><a href=\"https:\/\/eduscol.education.fr\/2227\/plan-de-continuite-pedagogique\"><span style=\"color: #0000ff\">https:\/\/eduscol.education.fr\/2227\/plan-de-continuite-pedagogique<\/span><\/a><\/p>\n<p>&nbsp;<\/p>\n","protected":false},"excerpt":{"rendered":"<p>Vous trouverez les ressources du Minist\u00e8re en suivant le lien ci-dessous: https:\/\/eduscol.education.fr\/1989\/continuite-pedagogique-dans-le-premier-degre Vous trouverez \u00e9galement la FAQ de la continuit\u00e9 p\u00e9dagogique: https:\/\/eduscol.education.fr\/2227\/plan-de-continuite-pedagogique &nbsp;<\/p>\n","protected":false},"author":49,"featured_media":0,"comment_status":"closed","ping_status":"closed","sticky":false,"template":"","format":"standard","meta":{"footnotes":""},"categories":[1],"tags":[],"class_list":["post-2565","post","type-post","status-publish","format-standard","hentry","category-non-classe"],"_links":{"self":[{"href":"https:\/\/ecole.ac-nice.fr\/antibes\/index.php?rest_route=\/wp\/v2\/posts\/2565","targetHints":{"allow":["GET"]}}],"collection":[{"href":"https:\/\/ecole.ac-nice.fr\/antibes\/index.php?rest_route=\/wp\/v2\/posts"}],"about":[{"href":"https:\/\/ecole.ac-nice.fr\/antibes\/index.php?rest_route=\/wp\/v2\/types\/post"}],"author":[{"embeddable":true,"href":"https:\/\/ecole.ac-nice.fr\/antibes\/index.php?rest_route=\/wp\/v2\/users\/49"}],"replies":[{"embeddable":true,"href":"https:\/\/ecole.ac-nice.fr\/antibes\/index.php?rest_route=%2Fwp%2Fv2%2Fcomments&post=2565"}],"version-history":[{"count":1,"href":"https:\/\/ecole.ac-nice.fr\/antibes\/index.php?rest_route=\/wp\/v2\/posts\/2565\/revisions"}],"predecessor-version":[{"id":2566,"href":"https:\/\/ecole.ac-nice.fr\/antibes\/index.php?rest_route=\/wp\/v2\/posts\/2565\/revisions\/2566"}],"wp:attachment":[{"href":"https:\/\/ecole.ac-nice.fr\/antibes\/index.php?rest_route=%2Fwp%2Fv2%2Fmedia&parent=2565"}],"wp:term":[{"taxonomy":"category","embeddable":true,"href":"https:\/\/ecole.ac-nice.fr\/antibes\/index.php?rest_route=%2Fwp%2Fv2%2Fcategories&post=2565"},{"taxonomy":"post_tag","embeddable":true,"href":"https:\/\/ecole.ac-nice.fr\/antibes\/index.php?rest_route=%2Fwp%2Fv2%2Ftags&post=2565"}],"curies":[{"name":"wp","href":"https:\/\/api.w.org\/{rel}","templated":true}]}}